{"id":36662,"date":"2018-01-09T09:03:40","date_gmt":"2018-01-09T12:03:40","guid":{"rendered":"http:\/\/caririemacao.com\/1\/?p=36662"},"modified":"2018-01-09T09:03:40","modified_gmt":"2018-01-09T12:03:40","slug":"boqueirao-nao-chega-a-10-10-meses-apos-transposicao","status":"publish","type":"post","link":"https:\/\/www.caririemacao.com\/1\/2018\/01\/09\/boqueirao-nao-chega-a-10-10-meses-apos-transposicao\/","title":{"rendered":"Boqueir\u00e3o n\u00e3o chega a 10%, 10 meses ap\u00f3s transposi\u00e7\u00e3o"},"content":{"rendered":"<p>O a\u00e7ude Epit\u00e1cio Pessoa, mais conhecido como Boqueir\u00e3o, que vem tendo aumento no volume desde que o eixo leste da transposi\u00e7\u00e3o do Rio S\u00e3o Francisco foi inaugurado, em mar\u00e7o, teve quedas nos \u00faltimos dois dias. Por conta de alguns problemas na barragem de Itaparica, a vaz\u00e3o no in\u00edcio do caminho das \u00e1guas estava abaixo do normal, o que resultou em diminui\u00e7\u00f5es no volume do a\u00e7ude Boqueir\u00e3o.<\/p>\n<p>Apesar disso, segundo o presidente da Ag\u00eancia Executiva de Gest\u00e3o das \u00c1guas do Estado da Para\u00edba\u00a0(Aesa), os problemas foram resolvidos e nos pr\u00f3ximos dias o volume do Boqueir\u00e3o deve aumentar.<\/p>\n<p>A vaz\u00e3o que o canal da transposi\u00e7\u00e3o em Monteiro, no Cariri paraibano, soltava para o a\u00e7ude de Po\u00e7\u00f5es, na cidade, 2,59 m\u00b3\/s. Segundo Jo\u00e3o Fernandes, o valor seguro para manter a chegada de \u00e1gua necess\u00e1ria no Boqueir\u00e3o \u00e9 de 3,5 m\u00b3\/s. Nesta segunda-feira (8), a vaz\u00e3o atingiu 3,9 m\u00b3\/s de \u00e1gua.<\/p>\n<p>\u201cA gente ficou sabendo que a vaz\u00e3o tinha diminu\u00eddo por conta de algum problema l\u00e1 no in\u00edcio do caminho da transposi\u00e7\u00e3o, mas j\u00e1 no confirmaram que est\u00e1 tudo normal. A vaz\u00e3o melhorou e do jeito que est\u00e1 podemos ficar tranquilos. Agora para chegar em 20% de capacidade no Boqueir\u00e3o, que tiraria o a\u00e7ude da situa\u00e7\u00e3o de observa\u00e7\u00e3o, eu acredito que s\u00f3 com as chuvas\u201d, analisou o presidente da Aesa.<\/p>\n<p>Atualmente, o a\u00e7ude Boqueir\u00e3o est\u00e1 com 9,6% da sua capacidade. A \u00faltima vez que a barragem atingiu a marca de 9% foi em maio de 2016. Em mar\u00e7o desse ano, o reservat\u00f3rio chegou ao seu ponto mais cr\u00edtico dos \u00faltimos dez anos, com apenas 3,18% da sua capacidade. Desde mar\u00e7o, o aumento na capacidade \u00e9 sistem\u00e1tico, at\u00e9 que atingiu a casa dos 9%, de onde n\u00e3o saiu mais.<\/p>\n<p><strong>CARIRI EM A\u00c7\u00c3O<\/strong><\/p>\n<p><em>Com Porta Correio\/Foto:\u00a0Ant\u00f4nio Ronaldo, do Jornal Correio da Para\u00edba<\/em><\/p>\n<p><strong>Leia mais not\u00edcias em\u00a0<\/strong><a href=\"http:\/\/www.caririemacao.com\/\"><strong>caririemacao.com<\/strong><\/a><strong>, siga nossa p\u00e1gina no\u00a0<\/strong><a href=\"https:\/\/www.facebook.com\/CaririEmAcao\/?ref=aymt_homepage_panel\"><strong>Facebook<\/strong><\/a>,<strong>\u00a0<\/strong><a href=\"https:\/\/www.instagram.com\/cariri_em_acao\/?hl=pt-br\"><strong>Instagram<\/strong><\/a><strong>\u00a0e <\/strong><a href=\"https:\/\/www.youtube.com\/channel\/UCAptA0jQuYQy8vMhLt2m4qg\"><strong>Youtube<\/strong><\/a><strong>\u00a0e veja nossas mat\u00e9rias, v\u00eddeos e fotos. Voc\u00ea tamb\u00e9m pode enviar informa\u00e7\u00f5es \u00e0 Reda\u00e7\u00e3o do Portal Cariri em A\u00e7\u00e3o pelo WhatsApp (83) 9 9634.5791, (83) 9 9601-1162.<\/strong><\/p>\n","protected":false},"excerpt":{"rendered":"<p>O a\u00e7ude Epit\u00e1cio Pessoa, mais conhecido como Boqueir\u00e3o, que vem tendo aumento no volume desde que o eixo leste da transposi\u00e7\u00e3o do Rio S\u00e3o Francisco&hellip; <\/p>\n","protected":false},"author":2,"featured_media":36663,"comment_status":"closed","ping_status":"closed","sticky":false,"template":"","format":"standard","meta":{"sfsi_plus_gutenberg_text_before_share":"","sfsi_plus_gutenberg_show_text_before_share":"","sfsi_plus_gutenberg_icon_type":"","sfsi_plus_gutenberg_icon_alignemt":"","sfsi_plus_gutenburg_max_per_row":"","footnotes":""},"categories":[6],"tags":[],"class_list":["post-36662","post","type-post","status-publish","format-standard","has-post-thumbnail","hentry","category-cidades"],"_links":{"self":[{"href":"https:\/\/www.caririemacao.com\/1\/wp-json\/wp\/v2\/posts\/36662","targetHints":{"allow":["GET"]}}],"collection":[{"href":"https:\/\/www.caririemacao.com\/1\/wp-json\/wp\/v2\/posts"}],"about":[{"href":"https:\/\/www.caririemacao.com\/1\/wp-json\/wp\/v2\/types\/post"}],"author":[{"embeddable":true,"href":"https:\/\/www.caririemacao.com\/1\/wp-json\/wp\/v2\/users\/2"}],"replies":[{"embeddable":true,"href":"https:\/\/www.caririemacao.com\/1\/wp-json\/wp\/v2\/comments?post=36662"}],"version-history":[{"count":0,"href":"https:\/\/www.caririemacao.com\/1\/wp-json\/wp\/v2\/posts\/36662\/revisions"}],"wp:featuredmedia":[{"embeddable":true,"href":"https:\/\/www.caririemacao.com\/1\/wp-json\/wp\/v2\/media\/36663"}],"wp:attachment":[{"href":"https:\/\/www.caririemacao.com\/1\/wp-json\/wp\/v2\/media?parent=36662"}],"wp:term":[{"taxonomy":"category","embeddable":true,"href":"https:\/\/www.caririemacao.com\/1\/wp-json\/wp\/v2\/categories?post=36662"},{"taxonomy":"post_tag","embeddable":true,"href":"https:\/\/www.caririemacao.com\/1\/wp-json\/wp\/v2\/tags?post=36662"}],"curies":[{"name":"wp","href":"https:\/\/api.w.org\/{rel}","templated":true}]}}