{"id":36814,"date":"2018-01-10T06:53:23","date_gmt":"2018-01-10T09:53:23","guid":{"rendered":"http:\/\/caririemacao.com\/1\/?p=36814"},"modified":"2018-01-10T06:53:23","modified_gmt":"2018-01-10T09:53:23","slug":"volume-do-acude-boqueirao-sobe-tres-centimetros-apos-registro-de-chuvas","status":"publish","type":"post","link":"https:\/\/www.caririemacao.com\/1\/2018\/01\/10\/volume-do-acude-boqueirao-sobe-tres-centimetros-apos-registro-de-chuvas\/","title":{"rendered":"Volume do A\u00e7ude Boqueir\u00e3o sobe tr\u00eas cent\u00edmetros ap\u00f3s registro de chuvas"},"content":{"rendered":"<p>Depois de registrar uma redu\u00e7\u00e3o de 2 cent\u00edmetros em seu volume h\u00eddrico durante dois dias, o a\u00e7ude\u00a0Epit\u00e1cio Pessoa, conhecido como\u00a0Boqueir\u00e3o, voltou a acumular \u00e1gua, aumentando o seu n\u00edvel em 3 cm, segundo Ag\u00eancia Executiva de Gest\u00e3o das \u00c1guas da Para\u00edba (AESA). O crescimento aconteceu ap\u00f3s o registro de chuvas nesta segunda-feira (8), no munic\u00edpio de\u00a0Barra de S\u00e3o Miguel, \u00e1rea afluente do manancial.<\/p>\n<p>A redu\u00e7\u00e3o no reservat\u00f3rio havia sido registrada devido o desligamento de uma bomba em uma das esta\u00e7\u00f5es elevat\u00f3rias no percurso da transposi\u00e7\u00e3o do S\u00e3o Francisco. Segundo o gerente de monitoramento e hidrometria da\u00a0AESA, Alexandre Magno, a queda no volume h\u00eddrico do a\u00e7ude foi registrada durante na \u00faltima semana. \u201cA redu\u00e7\u00e3o da \u00e1gua\u00a0 aconteceu do s\u00e1bado (6) para o domingo (7), devido a queda da vaz\u00e3o gerada pelo desligamento de uma das bombas para manuten\u00e7\u00e3o em uma das esta\u00e7\u00f5es elevat\u00f3rias da obra. A vaz\u00e3o j\u00e1 est\u00e1 normalizada e o a\u00e7ude acabou aumentando o volume h\u00eddrico de maneira antecipada em ocorr\u00eancia das chuvas registradas ontem\u201d, comentou.<\/p>\n<p>A redu\u00e7\u00e3o registrada no a\u00e7ude, segundo Alexandre Magno, havia sido de 150 mil metros c\u00fabicos de \u00e1gua. Na sexta-feira (5) o manancial acumulava 39,769 milh\u00f5es de m\u00b3, o que corresponde a 9,66% de sua capacidade, enquanto que no domingo (7) o volume era de 39,619 mi m\u00b3, o equivalente a 9,62%. A medi\u00e7\u00e3o feita pela AESA no reservat\u00f3rio\u00a0 \u00e9 realizada diariamente e foi observada a partir do s\u00e1bado (6). A recarga h\u00eddrica registrada nesta ter\u00e7a-feira (9) em ocorr\u00eancia das chuva foi de 225 mil m\u00b3, o que possibilitou o aumento do n\u00edvel para 9,68%.<\/p>\n<h4>M<strong>anuten\u00e7\u00e3o<\/strong><\/h4>\n<p>O gerente de monitoramento e hidrometria da AESA explicou que o processo de manuten\u00e7\u00e3o nos trechos da transposi\u00e7\u00e3o do S\u00e3o Francisco \u00e9 considerado normal e que pode voltar a ocorrer. \u201c\u00c9 importante as pessoas terem consci\u00eancia que o projeto ainda n\u00e3o foi conclu\u00eddo, a obra ainda passa por procedimentos de montagem e manuten\u00e7\u00e3o. Isso requer em algumas situa\u00e7\u00f5es a paralisa\u00e7\u00e3o do servi\u00e7o e pode voltar a acontecer, uma vez que o sistema est\u00e1 sendo melhorado\u201d, ressaltou Alexandre Magno.<\/p>\n<h4>Chuvas<\/h4>\n<p>As chuvas em Barra de S\u00e3o Miguel na segunda-feira foram na \u00e1rea rural do munic\u00edpio e por essa raz\u00e3o o volume da precipita\u00e7\u00e3o n\u00e3o foi\u00a0 registrado pelo pluvi\u00f4metro da AESA. A Prefeitura da cidade confirmou o registro das chuvas nos Distritos de Floresta e Riachos Fundos, que ficam distante cerca de 30 quil\u00f4metros da cidade.<\/p>\n<p><strong>CARIRI EM A\u00c7\u00c3O<\/strong><\/p>\n<p><em>Com Opipoco\/Foto: Reprodu\u00e7\u00e3o google\u00a0\u00a0<\/em><\/p>\n<p><strong>Leia mais not\u00edcias em\u00a0<\/strong><a href=\"http:\/\/www.caririemacao.com\/\"><strong>caririemacao.com<\/strong><\/a><strong>, siga nossa p\u00e1gina no\u00a0<\/strong><a href=\"https:\/\/www.facebook.com\/CaririEmAcao\/?ref=aymt_homepage_panel\"><strong>Facebook<\/strong><\/a>,<strong>\u00a0<\/strong><a href=\"https:\/\/www.instagram.com\/cariri_em_acao\/?hl=pt-br\"><strong>Instagram<\/strong><\/a><strong>\u00a0e\u00a0<\/strong><a href=\"https:\/\/www.youtube.com\/channel\/UCAptA0jQuYQy8vMhLt2m4qg\"><strong>Youtube<\/strong><\/a><strong>\u00a0e veja nossas mat\u00e9rias, v\u00eddeos e fotos. Voc\u00ea tamb\u00e9m pode enviar informa\u00e7\u00f5es \u00e0 Reda\u00e7\u00e3o do Portal Cariri em A\u00e7\u00e3o pelo WhatsApp (83) 9 9634.5791, (83) 9 9601-1162.<\/strong><\/p>\n","protected":false},"excerpt":{"rendered":"<p>Depois de registrar uma redu\u00e7\u00e3o de 2 cent\u00edmetros em seu volume h\u00eddrico durante dois dias, o a\u00e7ude\u00a0Epit\u00e1cio Pessoa, conhecido como\u00a0Boqueir\u00e3o, voltou a acumular \u00e1gua, aumentando&hellip; <\/p>\n","protected":false},"author":2,"featured_media":36815,"comment_status":"closed","ping_status":"closed","sticky":false,"template":"","format":"standard","meta":{"sfsi_plus_gutenberg_text_before_share":"","sfsi_plus_gutenberg_show_text_before_share":"","sfsi_plus_gutenberg_icon_type":"","sfsi_plus_gutenberg_icon_alignemt":"","sfsi_plus_gutenburg_max_per_row":"","footnotes":""},"categories":[2],"tags":[],"class_list":["post-36814","post","type-post","status-publish","format-standard","has-post-thumbnail","hentry","category-geral"],"_links":{"self":[{"href":"https:\/\/www.caririemacao.com\/1\/wp-json\/wp\/v2\/posts\/36814","targetHints":{"allow":["GET"]}}],"collection":[{"href":"https:\/\/www.caririemacao.com\/1\/wp-json\/wp\/v2\/posts"}],"about":[{"href":"https:\/\/www.caririemacao.com\/1\/wp-json\/wp\/v2\/types\/post"}],"author":[{"embeddable":true,"href":"https:\/\/www.caririemacao.com\/1\/wp-json\/wp\/v2\/users\/2"}],"replies":[{"embeddable":true,"href":"https:\/\/www.caririemacao.com\/1\/wp-json\/wp\/v2\/comments?post=36814"}],"version-history":[{"count":0,"href":"https:\/\/www.caririemacao.com\/1\/wp-json\/wp\/v2\/posts\/36814\/revisions"}],"wp:featuredmedia":[{"embeddable":true,"href":"https:\/\/www.caririemacao.com\/1\/wp-json\/wp\/v2\/media\/36815"}],"wp:attachment":[{"href":"https:\/\/www.caririemacao.com\/1\/wp-json\/wp\/v2\/media?parent=36814"}],"wp:term":[{"taxonomy":"category","embeddable":true,"href":"https:\/\/www.caririemacao.com\/1\/wp-json\/wp\/v2\/categories?post=36814"},{"taxonomy":"post_tag","embeddable":true,"href":"https:\/\/www.caririemacao.com\/1\/wp-json\/wp\/v2\/tags?post=36814"}],"curies":[{"name":"wp","href":"https:\/\/api.w.org\/{rel}","templated":true}]}}