{"id":36817,"date":"2018-01-10T06:59:17","date_gmt":"2018-01-10T09:59:17","guid":{"rendered":"http:\/\/caririemacao.com\/1\/?p=36817"},"modified":"2018-01-10T06:59:17","modified_gmt":"2018-01-10T09:59:17","slug":"colisao-entre-motocicleta-e-animal-deixa-uma-pessoa-gravemente-ferida","status":"publish","type":"post","link":"https:\/\/www.caririemacao.com\/1\/2018\/01\/10\/colisao-entre-motocicleta-e-animal-deixa-uma-pessoa-gravemente-ferida\/","title":{"rendered":"Colis\u00e3o entre motocicleta e animal deixa uma pessoa gravemente ferida"},"content":{"rendered":"<p>Mais uma colis\u00e3o envolvendo animal \u00e9 registrada na noite desta ter\u00e7a-feira (09) na\u00a0BR-110\u00a0em\u00a0Monteiro no Cariri.<\/p>\n<p>Segundo informa\u00e7\u00f5es, uma mulher conduzida uma motocicleta, quando colidiu em uma vaca que apareceu repentinamente. A v\u00edtima teve v\u00e1rias escoria\u00e7\u00f5es pelo corpo, al\u00e9m de uma forte pancada na cabe\u00e7a.<\/p>\n<p>Uma\u00a0Unidade do Servi\u00e7o de Atendimento M\u00f3vel o (Samu) esteve no local, realizou os primeiros socorros e em seguida encaminhou a v\u00edtima para o Hospital Regional de Monteiro.<\/p>\n<p><strong>CARIRI EM A\u00c7\u00c3O<\/strong><\/p>\n<p><em>Com O pipoco\/Foto: O pipoco<\/em><\/p>\n<p><strong>Leia mais not\u00edcias em\u00a0<\/strong><a href=\"http:\/\/www.caririemacao.com\/\"><strong>caririemacao.com<\/strong><\/a><strong>, siga nossa p\u00e1gina no\u00a0<\/strong><a href=\"https:\/\/www.facebook.com\/CaririEmAcao\/?ref=aymt_homepage_panel\"><strong>Facebook<\/strong><\/a>,<strong>\u00a0<\/strong><a href=\"https:\/\/www.instagram.com\/cariri_em_acao\/?hl=pt-br\"><strong>Instagram<\/strong><\/a><strong>\u00a0e\u00a0<\/strong><a href=\"https:\/\/www.youtube.com\/channel\/UCAptA0jQuYQy8vMhLt2m4qg\"><strong>Youtube<\/strong><\/a><strong>\u00a0e veja nossas mat\u00e9rias, v\u00eddeos e fotos. Voc\u00ea tamb\u00e9m pode enviar informa\u00e7\u00f5es \u00e0 Reda\u00e7\u00e3o do Portal Cariri em A\u00e7\u00e3o pelo WhatsApp (83) 9 9634.5791, (83) 9 9601-1162.<\/strong><\/p>\n","protected":false},"excerpt":{"rendered":"<p>Mais uma colis\u00e3o envolvendo animal \u00e9 registrada na noite desta ter\u00e7a-feira (09) na\u00a0BR-110\u00a0em\u00a0Monteiro no Cariri. Segundo informa\u00e7\u00f5es, uma mulher conduzida uma motocicleta, quando colidiu em&hellip; <\/p>\n","protected":false},"author":2,"featured_media":36818,"comment_status":"closed","ping_status":"closed","sticky":false,"template":"","format":"standard","meta":{"sfsi_plus_gutenberg_text_before_share":"","sfsi_plus_gutenberg_show_text_before_share":"","sfsi_plus_gutenberg_icon_type":"","sfsi_plus_gutenberg_icon_alignemt":"","sfsi_plus_gutenburg_max_per_row":"","footnotes":""},"categories":[12],"tags":[],"class_list":["post-36817","post","type-post","status-publish","format-standard","has-post-thumbnail","hentry","category-policia"],"_links":{"self":[{"href":"https:\/\/www.caririemacao.com\/1\/wp-json\/wp\/v2\/posts\/36817","targetHints":{"allow":["GET"]}}],"collection":[{"href":"https:\/\/www.caririemacao.com\/1\/wp-json\/wp\/v2\/posts"}],"about":[{"href":"https:\/\/www.caririemacao.com\/1\/wp-json\/wp\/v2\/types\/post"}],"author":[{"embeddable":true,"href":"https:\/\/www.caririemacao.com\/1\/wp-json\/wp\/v2\/users\/2"}],"replies":[{"embeddable":true,"href":"https:\/\/www.caririemacao.com\/1\/wp-json\/wp\/v2\/comments?post=36817"}],"version-history":[{"count":0,"href":"https:\/\/www.caririemacao.com\/1\/wp-json\/wp\/v2\/posts\/36817\/revisions"}],"wp:featuredmedia":[{"embeddable":true,"href":"https:\/\/www.caririemacao.com\/1\/wp-json\/wp\/v2\/media\/36818"}],"wp:attachment":[{"href":"https:\/\/www.caririemacao.com\/1\/wp-json\/wp\/v2\/media?parent=36817"}],"wp:term":[{"taxonomy":"category","embeddable":true,"href":"https:\/\/www.caririemacao.com\/1\/wp-json\/wp\/v2\/categories?post=36817"},{"taxonomy":"post_tag","embeddable":true,"href":"https:\/\/www.caririemacao.com\/1\/wp-json\/wp\/v2\/tags?post=36817"}],"curies":[{"name":"wp","href":"https:\/\/api.w.org\/{rel}","templated":true}]}}