{"id":36820,"date":"2018-01-10T07:06:01","date_gmt":"2018-01-10T10:06:01","guid":{"rendered":"http:\/\/caririemacao.com\/1\/?p=36820"},"modified":"2018-01-10T07:06:01","modified_gmt":"2018-01-10T10:06:01","slug":"paraiba-registra-1-284-assassinatos-em-2017","status":"publish","type":"post","link":"https:\/\/www.caririemacao.com\/1\/2018\/01\/10\/paraiba-registra-1-284-assassinatos-em-2017\/","title":{"rendered":"Para\u00edba registra 1.284 assassinatos em 2017"},"content":{"rendered":"<div class=\"mc-column content-text active-extra-styles active-capital-letter\" data-block-type=\"unstyled\" data-block-weight=\"45\" data-block-id=\"2\">\n<p class=\"content-text__container theme-color-primary-first-letter\" data-track-category=\"Link no Texto\" data-track-links=\"\">Mais de 1,2 mil pessoas foram assassinadas na Para\u00edba em 2017. Os dados divulgados pela Secretaria de Estado da Seguran\u00e7a e da Defesa Social (Seds) nesta ter\u00e7a-feira (9) apontam uma redu\u00e7\u00e3o de 2,87% no comparativo aos 1.322 Crimes Violentos Letais Intencionais (CVLI) registrados em 2016.<\/p>\n<\/div>\n<div class=\"mc-column content-text active-extra-styles \" data-block-type=\"unstyled\" data-block-weight=\"45\" data-block-id=\"3\">\n<p class=\"content-text__container \" data-track-category=\"Link no Texto\" data-track-links=\"\">Em Jo\u00e3o Pessoa, o n\u00famero de homic\u00eddios diminuiu de 350 para 298 mortes, em um ano. A redu\u00e7\u00e3o \u00e9 de 14,8%. Em Campina Grande, houve aumento de 133 CVLI para 153, entre 2016 e 2017. A alta \u00e9 de 15%, segundo os dados da secretaria.<\/p>\n<\/div>\n<div class=\"mc-column content-text active-extra-styles \" data-block-type=\"unstyled\" data-block-weight=\"58\" data-block-id=\"4\">\n<p class=\"content-text__container \" data-track-category=\"Link no Texto\" data-track-links=\"\">De acordo com o secret\u00e1rio de seguran\u00e7a Cl\u00e1udio Lima, a redu\u00e7\u00e3o se deve \u00e0 implementa\u00e7\u00e3o do programa Para\u00edba Unida Pela Paz. \u201cBuscou-se fazer um diagn\u00f3stico nos \u00faltimos anos e criar-se uma base. A primeira base foi a lei que criou a base territorial e a base de responsabilidade pessoal para o programa chamado Para\u00edba Unida Pela Paz\u201d, explicou.<\/p>\n<\/div>\n<div data-track-category=\"fim do conteudo\" data-track-action=\"ultimo chunk conteudo\" data-track-noninteraction=\"false\" data-track-scroll=\"entrada completa viewport\">\n<div class=\"mc-column content-text active-extra-styles \" data-block-type=\"unstyled\" data-block-weight=\"53\" data-block-id=\"5\">\n<p class=\"content-text__container \" data-track-category=\"Link no Texto\" data-track-links=\"\">Sobre os crimes em outros estados no Nordeste e no restante do pa\u00eds, o governador Ricardo Coutinho destacou que \u201cse n\u00e3o falarmos em uma pol\u00edtica nacional de seguran\u00e7a, os estados v\u00e3o continuar a enxugar gelo. \u00c9 preciso que o governo federal chame a responsabilidade, porque o que vemos \u00e9 que o crime migra\u201d.<\/p>\n<p><strong>CARIRI EM A\u00c7\u00c3O<\/strong><\/p>\n<p><em>Com G1\/Foto: G1<\/em><\/p>\n<p><strong>Leia mais not\u00edcias em\u00a0<\/strong><a href=\"http:\/\/www.caririemacao.com\/\"><strong>caririemacao.com<\/strong><\/a><strong>, siga nossa p\u00e1gina no\u00a0<\/strong><a href=\"https:\/\/www.facebook.com\/CaririEmAcao\/?ref=aymt_homepage_panel\"><strong>Facebook<\/strong><\/a>,<strong>\u00a0<\/strong><a href=\"https:\/\/www.instagram.com\/cariri_em_acao\/?hl=pt-br\"><strong>Instagram<\/strong><\/a><strong>\u00a0e\u00a0<\/strong><a href=\"https:\/\/www.youtube.com\/channel\/UCAptA0jQuYQy8vMhLt2m4qg\"><strong>Youtube<\/strong><\/a><strong>\u00a0e veja nossas mat\u00e9rias, v\u00eddeos e fotos. Voc\u00ea tamb\u00e9m pode enviar informa\u00e7\u00f5es \u00e0 Reda\u00e7\u00e3o do Portal Cariri em A\u00e7\u00e3o pelo WhatsApp (83) 9 9634.5791, (83) 9 9601-1162.<\/strong><\/p>\n<\/div>\n<\/div>\n","protected":false},"excerpt":{"rendered":"<p>Mais de 1,2 mil pessoas foram assassinadas na Para\u00edba em 2017. Os dados divulgados pela Secretaria de Estado da Seguran\u00e7a e da Defesa Social (Seds)&hellip; <\/p>\n","protected":false},"author":2,"featured_media":36821,"comment_status":"closed","ping_status":"closed","sticky":false,"template":"","format":"standard","meta":{"sfsi_plus_gutenberg_text_before_share":"","sfsi_plus_gutenberg_show_text_before_share":"","sfsi_plus_gutenberg_icon_type":"","sfsi_plus_gutenberg_icon_alignemt":"","sfsi_plus_gutenburg_max_per_row":"","footnotes":""},"categories":[12],"tags":[],"class_list":["post-36820","post","type-post","status-publish","format-standard","has-post-thumbnail","hentry","category-policia"],"_links":{"self":[{"href":"https:\/\/www.caririemacao.com\/1\/wp-json\/wp\/v2\/posts\/36820","targetHints":{"allow":["GET"]}}],"collection":[{"href":"https:\/\/www.caririemacao.com\/1\/wp-json\/wp\/v2\/posts"}],"about":[{"href":"https:\/\/www.caririemacao.com\/1\/wp-json\/wp\/v2\/types\/post"}],"author":[{"embeddable":true,"href":"https:\/\/www.caririemacao.com\/1\/wp-json\/wp\/v2\/users\/2"}],"replies":[{"embeddable":true,"href":"https:\/\/www.caririemacao.com\/1\/wp-json\/wp\/v2\/comments?post=36820"}],"version-history":[{"count":0,"href":"https:\/\/www.caririemacao.com\/1\/wp-json\/wp\/v2\/posts\/36820\/revisions"}],"wp:featuredmedia":[{"embeddable":true,"href":"https:\/\/www.caririemacao.com\/1\/wp-json\/wp\/v2\/media\/36821"}],"wp:attachment":[{"href":"https:\/\/www.caririemacao.com\/1\/wp-json\/wp\/v2\/media?parent=36820"}],"wp:term":[{"taxonomy":"category","embeddable":true,"href":"https:\/\/www.caririemacao.com\/1\/wp-json\/wp\/v2\/categories?post=36820"},{"taxonomy":"post_tag","embeddable":true,"href":"https:\/\/www.caririemacao.com\/1\/wp-json\/wp\/v2\/tags?post=36820"}],"curies":[{"name":"wp","href":"https:\/\/api.w.org\/{rel}","templated":true}]}}