{"id":36842,"date":"2018-01-10T13:08:51","date_gmt":"2018-01-10T16:08:51","guid":{"rendered":"http:\/\/caririemacao.com\/1\/?p=36842"},"modified":"2018-01-10T13:10:25","modified_gmt":"2018-01-10T16:10:25","slug":"mais-de-75-mulheres-foram-assassinadas-em-2017-na-pb","status":"publish","type":"post","link":"https:\/\/www.caririemacao.com\/1\/2018\/01\/10\/mais-de-75-mulheres-foram-assassinadas-em-2017-na-pb\/","title":{"rendered":"Mais de 75 mulheres foram assassinadas em 2017 na PB"},"content":{"rendered":"<p>O n\u00famero de mulheres mortas em 2017 chegou aos 76 crimes registrados, segundo divulgou nesta ter\u00e7a-feira (9) A Secretaria de Seguran\u00e7a da Para\u00edba, atrav\u00e9s do\u00a0Anu\u00e1rio da Seguran\u00e7a P\u00fablica. Os dados representam 5,95% dos homic\u00eddios no estado, que chegaram aos 1.284 no ano passado.<\/p>\n<p>Em compara\u00e7\u00e3o com 2016, quando foram contabilizadas 97 mortes de mulheres, os dados representam uma redu\u00e7\u00e3o de quase 20%. Com o valor, o estado ficou com a quarta menor taca de feminic\u00eddios em todo o Brasil durante o ano de 2016.<\/p>\n<p>Com rela\u00e7\u00e3o a crimes contra pessoas negras, o estado registrou 1.335 homic\u00eddios em 2015 e 1.226 em 2016, o que representa uma redu\u00e7\u00e3o de 8% na compara\u00e7\u00e3o entre os dois anos.<\/p>\n<p><a href=\"http:\/\/caririemacao.com\/1\/wp-content\/uploads\/2018\/01\/01.jpg\"><img fetchpriority=\"high\" decoding=\"async\" class=\"wp-image-36843 size-full aligncenter\" src=\"http:\/\/caririemacao.com\/1\/wp-content\/uploads\/2018\/01\/01.jpg\" alt=\"\" width=\"768\" height=\"465\" srcset=\"https:\/\/www.caririemacao.com\/1\/wp-content\/uploads\/2018\/01\/01.jpg 768w, https:\/\/www.caririemacao.com\/1\/wp-content\/uploads\/2018\/01\/01-300x182.jpg 300w\" sizes=\"(max-width: 768px) 100vw, 768px\" \/><\/a><\/p>\n<p>&nbsp;<\/p>\n<p><a href=\"http:\/\/caririemacao.com\/1\/wp-content\/uploads\/2018\/01\/02.jpg\"><img decoding=\"async\" class=\"wp-image-36844 size-full aligncenter lazyload\" data-src=\"http:\/\/caririemacao.com\/1\/wp-content\/uploads\/2018\/01\/02.jpg\" alt=\"\" width=\"768\" height=\"465\" data-srcset=\"https:\/\/www.caririemacao.com\/1\/wp-content\/uploads\/2018\/01\/02.jpg 768w, https:\/\/www.caririemacao.com\/1\/wp-content\/uploads\/2018\/01\/02-300x182.jpg 300w\" data-sizes=\"(max-width: 768px) 100vw, 768px\" src=\"data:image\/svg+xml;base64,PHN2ZyB3aWR0aD0iMSIgaGVpZ2h0PSIxIiB4bWxucz0iaHR0cDovL3d3dy53My5vcmcvMjAwMC9zdmciPjwvc3ZnPg==\" style=\"--smush-placeholder-width: 768px; --smush-placeholder-aspect-ratio: 768\/465;\" \/><\/a><\/p>\n<div id=\"td_uid_2_5a5614d06fdd8\" class=\"td-gallery td-slide-on-2-columns\">\n<div class=\"post_td_gallery\">\n<div class=\"td-gallery-slide-top\">\u00a0Os dados foram apresentados pelo governo do Estado, nesta ter\u00e7a-feira (9), durante entrevista coletiva.<\/div>\n<div>\n<p><strong>CARIRI EM A\u00c7\u00c3O<\/strong><\/p>\n<p><em>Com Portal Correio\/Foto:Divulga\u00e7\u00e3o \u00a0<\/em><\/p>\n<p><strong>Leia mais not\u00edcias em\u00a0<\/strong><a href=\"http:\/\/www.caririemacao.com\/\"><strong>caririemacao.com<\/strong><\/a><strong>, siga nossa p\u00e1gina no\u00a0<\/strong><a href=\"https:\/\/www.facebook.com\/CaririEmAcao\/?ref=aymt_homepage_panel\"><strong>Facebook<\/strong><\/a>,<strong>\u00a0<\/strong><a href=\"https:\/\/www.instagram.com\/cariri_em_acao\/?hl=pt-br\"><strong>Instagram<\/strong><\/a><strong>\u00a0e <\/strong><a href=\"https:\/\/www.youtube.com\/channel\/UCAptA0jQuYQy8vMhLt2m4qg\"><strong>Youtube<\/strong><\/a><strong>\u00a0e veja nossas mat\u00e9rias, v\u00eddeos e fotos. Voc\u00ea tamb\u00e9m pode enviar informa\u00e7\u00f5es \u00e0 Reda\u00e7\u00e3o do Portal Cariri em A\u00e7\u00e3o pelo WhatsApp (83) 9 9634.5791, (83) 9 9601-1162.<\/strong><\/p>\n<\/div>\n<\/div>\n<\/div>\n","protected":false},"excerpt":{"rendered":"<p>O n\u00famero de mulheres mortas em 2017 chegou aos 76 crimes registrados, segundo divulgou nesta ter\u00e7a-feira (9) A Secretaria de Seguran\u00e7a da Para\u00edba, atrav\u00e9s do\u00a0Anu\u00e1rio&hellip; <\/p>\n","protected":false},"author":2,"featured_media":36853,"comment_status":"closed","ping_status":"closed","sticky":false,"template":"","format":"standard","meta":{"sfsi_plus_gutenberg_text_before_share":"","sfsi_plus_gutenberg_show_text_before_share":"","sfsi_plus_gutenberg_icon_type":"","sfsi_plus_gutenberg_icon_alignemt":"","sfsi_plus_gutenburg_max_per_row":"","footnotes":""},"categories":[12],"tags":[],"class_list":["post-36842","post","type-post","status-publish","format-standard","has-post-thumbnail","hentry","category-policia"],"_links":{"self":[{"href":"https:\/\/www.caririemacao.com\/1\/wp-json\/wp\/v2\/posts\/36842","targetHints":{"allow":["GET"]}}],"collection":[{"href":"https:\/\/www.caririemacao.com\/1\/wp-json\/wp\/v2\/posts"}],"about":[{"href":"https:\/\/www.caririemacao.com\/1\/wp-json\/wp\/v2\/types\/post"}],"author":[{"embeddable":true,"href":"https:\/\/www.caririemacao.com\/1\/wp-json\/wp\/v2\/users\/2"}],"replies":[{"embeddable":true,"href":"https:\/\/www.caririemacao.com\/1\/wp-json\/wp\/v2\/comments?post=36842"}],"version-history":[{"count":0,"href":"https:\/\/www.caririemacao.com\/1\/wp-json\/wp\/v2\/posts\/36842\/revisions"}],"wp:featuredmedia":[{"embeddable":true,"href":"https:\/\/www.caririemacao.com\/1\/wp-json\/wp\/v2\/media\/36853"}],"wp:attachment":[{"href":"https:\/\/www.caririemacao.com\/1\/wp-json\/wp\/v2\/media?parent=36842"}],"wp:term":[{"taxonomy":"category","embeddable":true,"href":"https:\/\/www.caririemacao.com\/1\/wp-json\/wp\/v2\/categories?post=36842"},{"taxonomy":"post_tag","embeddable":true,"href":"https:\/\/www.caririemacao.com\/1\/wp-json\/wp\/v2\/tags?post=36842"}],"curies":[{"name":"wp","href":"https:\/\/api.w.org\/{rel}","templated":true}]}}