{"id":36875,"date":"2018-01-10T12:25:30","date_gmt":"2018-01-10T15:25:30","guid":{"rendered":"http:\/\/caririemacao.com\/1\/?p=36875"},"modified":"2018-01-10T12:25:30","modified_gmt":"2018-01-10T15:25:30","slug":"pm-prende-acusado-de-invadir-residencia-no-cariri","status":"publish","type":"post","link":"https:\/\/www.caririemacao.com\/1\/2018\/01\/10\/pm-prende-acusado-de-invadir-residencia-no-cariri\/","title":{"rendered":"PM prende acusado de invadir resid\u00eancia no Cariri"},"content":{"rendered":"<p>Durante a Opera\u00e7\u00e3o Cidade Segura realizada na tarde da \u00faltima ter\u00e7a-feira (09) na cidade de Monteiro, o Copom foi informado que uma casa havia sido violada por dois homens.<\/p>\n<p>A guarni\u00e7\u00e3o da r\u00e1dio patrulha se deslocaram at\u00e9 a resid\u00eancia e comprovaram a veracidade dos fatos, ap\u00f3s o reconhecimento de um dos acusados por uma das v\u00edtimas atrav\u00e9s de uma foto, as guarni\u00e7\u00f5es da radio patrulha, juntamente com as demais guarni\u00e7\u00f5es componentes da Opera\u00e7\u00e3o, se deslocaram at\u00e9 \u00a0Bairro, Alto do S\u00e3o Vicente e em pouco tempo conseguiram localizar um dos acusados.<\/p>\n<p>O suspeito foi identificado como Dermerson Bismarck da Silva Santos de 19 anos, o mesmo foi encaminhado para a DP da Cidade de Monteiro, onde foi confirmado o reconhecimento por parte de uma das v\u00edtimas.<\/p>\n<p><strong>CARIRI EM A\u00c7\u00c3O<\/strong><\/p>\n<p><em>Com Ascom-PM \/Foto: Reprodu\u00e7\u00e3o<\/em><\/p>\n<p><strong>Leia mais not\u00edcias em\u00a0<\/strong><a href=\"http:\/\/www.caririemacao.com\/\"><strong>caririemacao.com<\/strong><\/a><strong>, siga nossa p\u00e1gina no\u00a0<\/strong><a href=\"https:\/\/www.facebook.com\/CaririEmAcao\/?ref=aymt_homepage_panel\"><strong>Facebook<\/strong><\/a>,<strong>\u00a0<\/strong><a href=\"https:\/\/www.instagram.com\/cariri_em_acao\/?hl=pt-br\"><strong>Instagram<\/strong><\/a><strong>\u00a0e <\/strong><a href=\"https:\/\/www.youtube.com\/channel\/UCAptA0jQuYQy8vMhLt2m4qg\"><strong>Youtube<\/strong><\/a><strong>\u00a0e veja nossas mat\u00e9rias, v\u00eddeos e fotos. Voc\u00ea tamb\u00e9m pode enviar informa\u00e7\u00f5es \u00e0 Reda\u00e7\u00e3o do Portal Cariri em A\u00e7\u00e3o pelo WhatsApp (83) 9 9634.5791, (83) 9 9601-1162.<\/strong><\/p>\n","protected":false},"excerpt":{"rendered":"<p>Durante a Opera\u00e7\u00e3o Cidade Segura realizada na tarde da \u00faltima ter\u00e7a-feira (09) na cidade de Monteiro, o Copom foi informado que uma casa havia sido&hellip; <\/p>\n","protected":false},"author":2,"featured_media":36876,"comment_status":"closed","ping_status":"closed","sticky":false,"template":"","format":"standard","meta":{"sfsi_plus_gutenberg_text_before_share":"","sfsi_plus_gutenberg_show_text_before_share":"","sfsi_plus_gutenberg_icon_type":"","sfsi_plus_gutenberg_icon_alignemt":"","sfsi_plus_gutenburg_max_per_row":"","footnotes":""},"categories":[12],"tags":[],"class_list":["post-36875","post","type-post","status-publish","format-standard","has-post-thumbnail","hentry","category-policia"],"_links":{"self":[{"href":"https:\/\/www.caririemacao.com\/1\/wp-json\/wp\/v2\/posts\/36875","targetHints":{"allow":["GET"]}}],"collection":[{"href":"https:\/\/www.caririemacao.com\/1\/wp-json\/wp\/v2\/posts"}],"about":[{"href":"https:\/\/www.caririemacao.com\/1\/wp-json\/wp\/v2\/types\/post"}],"author":[{"embeddable":true,"href":"https:\/\/www.caririemacao.com\/1\/wp-json\/wp\/v2\/users\/2"}],"replies":[{"embeddable":true,"href":"https:\/\/www.caririemacao.com\/1\/wp-json\/wp\/v2\/comments?post=36875"}],"version-history":[{"count":0,"href":"https:\/\/www.caririemacao.com\/1\/wp-json\/wp\/v2\/posts\/36875\/revisions"}],"wp:featuredmedia":[{"embeddable":true,"href":"https:\/\/www.caririemacao.com\/1\/wp-json\/wp\/v2\/media\/36876"}],"wp:attachment":[{"href":"https:\/\/www.caririemacao.com\/1\/wp-json\/wp\/v2\/media?parent=36875"}],"wp:term":[{"taxonomy":"category","embeddable":true,"href":"https:\/\/www.caririemacao.com\/1\/wp-json\/wp\/v2\/categories?post=36875"},{"taxonomy":"post_tag","embeddable":true,"href":"https:\/\/www.caririemacao.com\/1\/wp-json\/wp\/v2\/tags?post=36875"}],"curies":[{"name":"wp","href":"https:\/\/api.w.org\/{rel}","templated":true}]}}