{"id":36892,"date":"2018-01-10T12:56:30","date_gmt":"2018-01-10T15:56:30","guid":{"rendered":"http:\/\/caririemacao.com\/1\/?p=36892"},"modified":"2018-01-10T12:56:30","modified_gmt":"2018-01-10T15:56:30","slug":"secretaria-de-saude-da-pb-faz-avaliacao-da-cobertura-vacinal-nos-municipios","status":"publish","type":"post","link":"https:\/\/www.caririemacao.com\/1\/2018\/01\/10\/secretaria-de-saude-da-pb-faz-avaliacao-da-cobertura-vacinal-nos-municipios\/","title":{"rendered":"Secretaria de Sa\u00fade da PB faz avalia\u00e7\u00e3o da cobertura vacinal nos munic\u00edpios"},"content":{"rendered":"<p>Diante da necessidade de melhorar as coberturas vacinais, a Secretaria de Estado da Sa\u00fade (Ses), por meio do N\u00facleo de Imuniza\u00e7\u00f5es, apresenta \u00e0s Secretarias Municipais de Sa\u00fade os resultados parciais de vacina\u00e7\u00e3o em 2017. A inten\u00e7\u00e3o \u00e9 avaliar a vacina\u00e7\u00e3o em cada munic\u00edpio, comparando o primeiro e segundo semestre do calend\u00e1rio vacinal em crian\u00e7as menores de um ano, um ano e adolescentes (HPV) preconizado pelo Programa Nacional de Imuniza\u00e7\u00f5es (PNI).<\/p>\n<p>\u201c\u00c9 de fundamental import\u00e2ncia que todos os gestores municipais de sa\u00fade articulem e estruturem suas salas de vacina para melhor funcionamento das mesmas. \u00c9 importante lembrar que, para termos boas coberturas vacinais e evitarmos o ressurgimento das doen\u00e7as imunopreven\u00edveis, n\u00e3o depende apenas de ofertar as vacinas, mas tamb\u00e9m ter o correto controle e registro das doses aplicadas atrav\u00e9s do sistema oficial de alimenta\u00e7\u00e3o, o SI-PNI, al\u00e9m de garantir o acondicionamento adequado dos imunobiol\u00f3gicos na cadeia de frio\u201d, alertou a chefe do N\u00facleo de Imuniza\u00e7\u00f5es da SES, Isiane Queiroga.<\/p>\n<p>Os dados ainda s\u00e3o parciais e o gestor municipal de sa\u00fade tem at\u00e9 o pr\u00f3ximo dia 31 de mar\u00e7o para avaliar e fazer os ajustes necess\u00e1rios para a melhoria da cobertura vacinal no sistema de informa\u00e7\u00e3o.<\/p>\n<p>\u201cPara que as vacinas, enviadas mensalmente pelo Minist\u00e9rio da Sa\u00fade, cheguem em quantidade suficiente para a popula\u00e7\u00e3o-alvo de cada munic\u00edpio, \u00e9 preciso que o sistema (que informa as doses aplicadas) esteja alimentado corretamente. Alertamos aos gestores que mantenham os dados atualizados\u201d, informou Isiane.<\/p>\n<p>Os gestores das secretarias municipais de Sa\u00fade receber\u00e3o, via web, o informativo completo com a avalia\u00e7\u00e3o e recomenda\u00e7\u00f5es do N\u00facleo de Imuniza\u00e7\u00f5es da SES.<\/p>\n<p><strong>PNI<\/strong>\u00a0\u2013 O Programa Estadual de Imuniza\u00e7\u00e3o da Para\u00edba tem investido na melhoria das coberturas vacinais, na conserva\u00e7\u00e3o adequada dos imunobiol\u00f3gicos, qualifica\u00e7\u00e3o das equipes, na amplia\u00e7\u00e3o do acesso \u00e0 vacina\u00e7\u00e3o e, consequentemente, erradica\u00e7\u00e3o e controle das doen\u00e7as imunopreven\u00edveis.<\/p>\n<p><strong>CARIRI EM A\u00c7\u00c3O<\/strong><\/p>\n<p><em>Com Ascom \/Foto: Reprodu\u00e7\u00e3o Internet<\/em><\/p>\n<p><strong>Leia mais not\u00edcias em\u00a0<\/strong><a href=\"http:\/\/www.caririemacao.com\/\"><strong>caririemacao.com<\/strong><\/a><strong>, siga nossa p\u00e1gina no\u00a0<\/strong><a href=\"https:\/\/www.facebook.com\/CaririEmAcao\/?ref=aymt_homepage_panel\"><strong>Facebook<\/strong><\/a>,<strong>\u00a0<\/strong><a href=\"https:\/\/www.instagram.com\/cariri_em_acao\/?hl=pt-br\"><strong>Instagram<\/strong><\/a><strong>\u00a0e <\/strong><a href=\"https:\/\/www.youtube.com\/channel\/UCAptA0jQuYQy8vMhLt2m4qg\"><strong>Youtube<\/strong><\/a><strong>\u00a0e veja nossas mat\u00e9rias, v\u00eddeos e fotos. Voc\u00ea tamb\u00e9m pode enviar informa\u00e7\u00f5es \u00e0 Reda\u00e7\u00e3o do Portal Cariri em A\u00e7\u00e3o pelo WhatsApp (83) 9 9634.5791, (83) 9 9601-1162.<\/strong><\/p>\n","protected":false},"excerpt":{"rendered":"<p>Diante da necessidade de melhorar as coberturas vacinais, a Secretaria de Estado da Sa\u00fade (Ses), por meio do N\u00facleo de Imuniza\u00e7\u00f5es, apresenta \u00e0s Secretarias Municipais&hellip; <\/p>\n","protected":false},"author":2,"featured_media":26765,"comment_status":"closed","ping_status":"closed","sticky":false,"template":"","format":"standard","meta":{"sfsi_plus_gutenberg_text_before_share":"","sfsi_plus_gutenberg_show_text_before_share":"","sfsi_plus_gutenberg_icon_type":"","sfsi_plus_gutenberg_icon_alignemt":"","sfsi_plus_gutenburg_max_per_row":"","footnotes":""},"categories":[16],"tags":[],"class_list":["post-36892","post","type-post","status-publish","format-standard","has-post-thumbnail","hentry","category-saude"],"_links":{"self":[{"href":"https:\/\/www.caririemacao.com\/1\/wp-json\/wp\/v2\/posts\/36892","targetHints":{"allow":["GET"]}}],"collection":[{"href":"https:\/\/www.caririemacao.com\/1\/wp-json\/wp\/v2\/posts"}],"about":[{"href":"https:\/\/www.caririemacao.com\/1\/wp-json\/wp\/v2\/types\/post"}],"author":[{"embeddable":true,"href":"https:\/\/www.caririemacao.com\/1\/wp-json\/wp\/v2\/users\/2"}],"replies":[{"embeddable":true,"href":"https:\/\/www.caririemacao.com\/1\/wp-json\/wp\/v2\/comments?post=36892"}],"version-history":[{"count":0,"href":"https:\/\/www.caririemacao.com\/1\/wp-json\/wp\/v2\/posts\/36892\/revisions"}],"wp:featuredmedia":[{"embeddable":true,"href":"https:\/\/www.caririemacao.com\/1\/wp-json\/wp\/v2\/media\/26765"}],"wp:attachment":[{"href":"https:\/\/www.caririemacao.com\/1\/wp-json\/wp\/v2\/media?parent=36892"}],"wp:term":[{"taxonomy":"category","embeddable":true,"href":"https:\/\/www.caririemacao.com\/1\/wp-json\/wp\/v2\/categories?post=36892"},{"taxonomy":"post_tag","embeddable":true,"href":"https:\/\/www.caririemacao.com\/1\/wp-json\/wp\/v2\/tags?post=36892"}],"curies":[{"name":"wp","href":"https:\/\/api.w.org\/{rel}","templated":true}]}}