{"id":36897,"date":"2018-01-10T13:10:31","date_gmt":"2018-01-10T16:10:31","guid":{"rendered":"http:\/\/caririemacao.com\/1\/?p=36897"},"modified":"2018-01-10T13:10:31","modified_gmt":"2018-01-10T16:10:31","slug":"jogador-que-disputou-a-copa-do-mundo-de-2014-morre-aos-29-anos","status":"publish","type":"post","link":"https:\/\/www.caririemacao.com\/1\/2018\/01\/10\/jogador-que-disputou-a-copa-do-mundo-de-2014-morre-aos-29-anos\/","title":{"rendered":"Jogador que disputou a Copa do Mundo de 2014 morre aos 29 anos"},"content":{"rendered":"<p>Morreu na \u00faltima ter\u00e7a-feira (9) o jogador hondurenho Juan Carlos Garcia, aos 29 anos de idade. Ele, que era lateral e atuava no Wigan Athletic, time da segunda divis\u00e3o da Inglaterra, sofria de leucemia desde fevereiro de 2015.<\/p>\n<p>\u201c\u00c9 uma not\u00edcia tr\u00e1gica e enviamos toda as nossas profundas condol\u00eancias aos seus familiares e amigos. \u201cOferecemos todo o suporte que pudemos e ele teve o melhor tratamento poss\u00edvel no hospital. Infelizmente, Juan Carlos n\u00e3o resistiu \u00e0 batalha contra esta terr\u00edvel doen\u00e7a. Com apenas 29 anos de idade, ele vai embora muito jovem e os nossos pensamentos est\u00e3o agora com a fam\u00edlia neste per\u00edodo de luto\u201d\u201d, disse o presidente do Wigan, David Sharpe, em entrevista ao site oficial do clube.<\/p>\n<p>Juan Carlos Garcia disputou a Copa do Mundo de 2014, no Brasil, pela sele\u00e7\u00e3o de Honduras.<\/p>\n<p><strong>CARIRI EM A\u00c7\u00c3O<\/strong><\/p>\n<p><em>Com Not\u00edcias ao Minuto\/Foto: Reprodu\u00e7\u00e3o Internet<\/em><\/p>\n<p><strong>Leia mais not\u00edcias em\u00a0<\/strong><a href=\"http:\/\/www.caririemacao.com\/\"><strong>caririemacao.com<\/strong><\/a><strong>, siga nossa p\u00e1gina no\u00a0<\/strong><a href=\"https:\/\/www.facebook.com\/CaririEmAcao\/?ref=aymt_homepage_panel\"><strong>Facebook<\/strong><\/a>,<strong>\u00a0<\/strong><a href=\"https:\/\/www.instagram.com\/cariri_em_acao\/?hl=pt-br\"><strong>Instagram<\/strong><\/a><strong>\u00a0e <\/strong><a href=\"https:\/\/www.youtube.com\/channel\/UCAptA0jQuYQy8vMhLt2m4qg\"><strong>Youtube<\/strong><\/a><strong>\u00a0e veja nossas mat\u00e9rias, v\u00eddeos e fotos. Voc\u00ea tamb\u00e9m pode enviar informa\u00e7\u00f5es \u00e0 Reda\u00e7\u00e3o do Portal Cariri em A\u00e7\u00e3o pelo WhatsApp (83) 9 9634.5791, (83) 9 9601-1162.<\/strong><\/p>\n","protected":false},"excerpt":{"rendered":"<p>Morreu na \u00faltima ter\u00e7a-feira (9) o jogador hondurenho Juan Carlos Garcia, aos 29 anos de idade. Ele, que era lateral e atuava no Wigan Athletic,&hellip; <\/p>\n","protected":false},"author":2,"featured_media":36898,"comment_status":"closed","ping_status":"closed","sticky":false,"template":"","format":"standard","meta":{"sfsi_plus_gutenberg_text_before_share":"","sfsi_plus_gutenberg_show_text_before_share":"","sfsi_plus_gutenberg_icon_type":"","sfsi_plus_gutenberg_icon_alignemt":"","sfsi_plus_gutenburg_max_per_row":"","footnotes":""},"categories":[13],"tags":[],"class_list":["post-36897","post","type-post","status-publish","format-standard","has-post-thumbnail","hentry","category-esportes"],"_links":{"self":[{"href":"https:\/\/www.caririemacao.com\/1\/wp-json\/wp\/v2\/posts\/36897","targetHints":{"allow":["GET"]}}],"collection":[{"href":"https:\/\/www.caririemacao.com\/1\/wp-json\/wp\/v2\/posts"}],"about":[{"href":"https:\/\/www.caririemacao.com\/1\/wp-json\/wp\/v2\/types\/post"}],"author":[{"embeddable":true,"href":"https:\/\/www.caririemacao.com\/1\/wp-json\/wp\/v2\/users\/2"}],"replies":[{"embeddable":true,"href":"https:\/\/www.caririemacao.com\/1\/wp-json\/wp\/v2\/comments?post=36897"}],"version-history":[{"count":0,"href":"https:\/\/www.caririemacao.com\/1\/wp-json\/wp\/v2\/posts\/36897\/revisions"}],"wp:featuredmedia":[{"embeddable":true,"href":"https:\/\/www.caririemacao.com\/1\/wp-json\/wp\/v2\/media\/36898"}],"wp:attachment":[{"href":"https:\/\/www.caririemacao.com\/1\/wp-json\/wp\/v2\/media?parent=36897"}],"wp:term":[{"taxonomy":"category","embeddable":true,"href":"https:\/\/www.caririemacao.com\/1\/wp-json\/wp\/v2\/categories?post=36897"},{"taxonomy":"post_tag","embeddable":true,"href":"https:\/\/www.caririemacao.com\/1\/wp-json\/wp\/v2\/tags?post=36897"}],"curies":[{"name":"wp","href":"https:\/\/api.w.org\/{rel}","templated":true}]}}