{"id":36906,"date":"2018-01-10T13:51:52","date_gmt":"2018-01-10T16:51:52","guid":{"rendered":"http:\/\/caririemacao.com\/1\/?p=36906"},"modified":"2018-01-10T13:51:52","modified_gmt":"2018-01-10T16:51:52","slug":"prefeitura-de-sume-faz-segunda-convocacao-para-prova-pratica-de-motoristas-classificados-no-concurso-publico-de-2017","status":"publish","type":"post","link":"https:\/\/www.caririemacao.com\/1\/2018\/01\/10\/prefeitura-de-sume-faz-segunda-convocacao-para-prova-pratica-de-motoristas-classificados-no-concurso-publico-de-2017\/","title":{"rendered":"Prefeitura de Sum\u00e9 faz segunda convoca\u00e7\u00e3o para prova pr\u00e1tica de motoristas classificados no concurso p\u00fablico de 2017"},"content":{"rendered":"<p>A Prefeitura de Sum\u00e9 est\u00e1 fazendo a segunda convoca\u00e7\u00e3o para a realiza\u00e7\u00e3o de prova pr\u00e1tica para o cargo de Motorista Classe \u201cD\u201d, dos candidatos aprovados no Concurso P\u00fablico aberto pelo Edital n\u00ba 01\/2017.<\/p>\n<p>A prova pr\u00e1tica ser\u00e1 realizada na cidade de Sum\u00e9 no dia 28 de janeiro de 2018. Os candidatos dever\u00e3o comparecer no local de realiza\u00e7\u00e3o da prova, no Est\u00e1dio Municipal Jos\u00e9 Jacinto, at\u00e9 no m\u00e1ximo \u00e0s 07h30min.<\/p>\n<p>N\u00e3o ser\u00e1 permitida, em hip\u00f3tese alguma, realiza\u00e7\u00e3o das provas em outro dia, hor\u00e1rio, ou fora do local designado.<\/p>\n<p>O candidato dever\u00e1 comparecer ao local designado para a prova com anteced\u00eancia m\u00ednima de 30 minutos, munido de Carteira Nacional de Habilita\u00e7\u00e3o na categoria exigida para o cargo, devendo o documento em quest\u00e3o estar devidamente dentro do prazo de validade de acordo com o C\u00f3digo de Tr\u00e2nsito Brasileiro.<\/p>\n<p>A segunda convoca\u00e7\u00e3o para a prova pr\u00e1tica ter\u00e1 car\u00e1ter apenas para CADASTRO DE RESERVA, sendo convocado, de acordo com a necessidade da administra\u00e7\u00e3o, o candidato que obtiver a melhor nota somado \u00e0 prova escrita objetiva.<\/p>\n<p>Os candidatos dever\u00e3o observar todas as normas contidas no Edital de Convoca\u00e7\u00e3o, disponibilizado no site oficial da Prefeitura de Sum\u00e9\/Portal da Transpar\u00eancia\/Boletim Oficial &#8211; Edi\u00e7\u00e3o 08 de janeiro de 2018.<\/p>\n<p>Confira a rela\u00e7\u00e3o dos convocados para a prova pr\u00e1tica: <a href=\"http:\/\/caririemacao.com\/1\/wp-content\/uploads\/2018\/01\/2\u00ba-EDITAL-CONVOCA\u00c7\u00c3O-PROVA-PR\u00c1TICA-MOTORISTA.pdf\">Veja aqui o edital\u00a0\u00a0<\/a><\/p>\n<p><strong>CLASSIFICA\u00c7\u00c3O-INSCRI\u00c7\u00c3O-NOME-SITUA\u00c7\u00c3O-NOTAFASE1-M\u00c9DIA-C\u00d3DIGOCARGO-CARGO-N\u00cdVEL<\/strong><\/p>\n<p>10 0202011 <strong>JASIEL OLIVEIRA DE MACEDO<\/strong> CLASSIFICADO 744,60 &#8211; 744,60 02 &#8211; MOTORISTA CLASSE D &#8211; FUNDAMENTAL<\/p>\n<p>11 0108006 <strong>AILSON DE SOUSA BARROS<\/strong> CLASSIFICADO 744,60 &#8211; 744,60 02 &#8211; MOTORISTA CLASSE D &#8211; FUNDAMENTAL<\/p>\n<p>12 0108010 <strong>ALESSANDRO OLIVEIRA DE FARIAS<\/strong> CLASSIFICADO 734,40 &#8211; 734,40 02 &#8211; MOTORISTA CLASSE D &#8211; FUNDAMENTAL<\/p>\n<p>13 0204009 <strong>PABLO JOSE CAMPOS MEDEIROS<\/strong> CLASSIFICADO 714,00 &#8211; 714,00 02 &#8211; MOTORISTA CLASSE D &#8211; FUNDAMENTAL<\/p>\n<p>14 0201025 <strong>GUILHERME MARQUES DE ANDRADE<\/strong> CLASSIFICADO 703,80 &#8211; 703,80 02 &#8211; MOTORISTA CLASSE D &#8211; FUNDAMENTAL<\/p>\n<p>15 0205012 <strong>YURI RODRIGUES RRIBEIRO<\/strong> CLASSIFICADO 703,80 &#8211; 703,80 02 &#8211; MOTORISTA CLASSE D &#8211; FUNDAMENTAL<\/p>\n<p>16 0204006 <strong>NATALICIO <\/strong>CLASSIFICADO 703,80 &#8211; 703,80 02 &#8211; MOTORISTA CLASSE D \u2013 FUNDAMENTAL<\/p>\n<p>17 0204012 <strong>RAFAEL ANTONIO CAMPOS BEZERRA<\/strong> CLASSIFICADO 693,60 &#8211; 693,60 02 &#8211; MOTORISTA CLASSE D \u2013 FUNDAMENTAL<\/p>\n<p>18 0201005 <strong>DANIEL LELA ARAUJO<\/strong> CLASSIFICADO 693,60 &#8211; 693,60 02 &#8211; MOTORISTA CLASSE D &#8211; FUNDAMENTAL<\/p>\n<p>19 0203023 <strong>MARCEL ARAUJO BARBOSA<\/strong> CLASSIFICADO 683,40 &#8211; 683,40 02 &#8211; MOTORISTA CLASSE D &#8211; FUNDAMENTAL<\/p>\n<p>20 0204025 <strong>THIAGO ALEXANDRINO MOISES DA SILVA<\/strong> CLASSIFICADO 683,40 &#8211; 683,40 02 &#8211; MOTORISTA CLASSE D &#8211; FUNDAMENTAL<\/p>\n<p>21 0108011 <strong>ALFREDO DE BRITO CASSIMIRO<\/strong> CLASSIFICADO 673,20 &#8211; 673,20 02 &#8211; MOTORISTA CLASSE D &#8211; FUNDAMENTAL<\/p>\n<p>22 0203004 <strong>JOSE MARINALDO COSME<\/strong> CLASSIFICADO 673,20 &#8211; 673,20 02 &#8211; MOTORISTA CLASSE D &#8211; FUNDAMENTAL<\/p>\n<p>23 0205009 <strong>WELLITON DA SILVA OLIVEIRA<\/strong> CLASSIFICADO 663,00 &#8211; 663,00 02 &#8211; MOTORISTA CLASSE D &#8211; FUNDAMENTAL<\/p>\n<p>24 0108014 <strong>ANDERSON ZEFERINO DA SILVA<\/strong> CLASSIFICADO 663,00 &#8211; 663,00 02 &#8211; MOTORISTA CLASSE D &#8211; FUNDAMENTAL<\/p>\n<p>25 0108022 <strong>BENILTON SILVA NEVES CORDEIRO<\/strong> CLASSIFICADO 652,80 &#8211; 652,80 02 &#8211; MOTORISTA CLASSE D &#8211; FUNDAMENTAL<\/p>\n<p>26 0205005 <strong>WALTER DA SILVA SOUZA<\/strong> CLASSIFICADO 652,80 &#8211; 652,80 02 &#8211; MOTORISTA CLASSE D &#8211; FUNDAMENTAL<\/p>\n<p>27 0202015 <strong>JOAO BOSCO QUIRINO<\/strong> CLASSIFICADO 652,80 &#8211; 652,80 02 &#8211; MOTORISTA CLASSE D &#8211; FUNDAMENTAL<\/p>\n<p>28 0108009 <strong>ALDERIVAN DA SILVA BERNARDO<\/strong> CLASSIFICADO 642,60 &#8211; 642,60 02 &#8211; MOTORISTA CLASSE D &#8211; FUNDAMENTAL<\/p>\n<p>29 0201009 <strong>EDGAR MACENA<\/strong> CLASSIFICADO 642,60 &#8211; 642,60 02 &#8211; MOTORISTA CLASSE D &#8211; FUNDAMENTAL<\/p>\n<p>30 0108016 <strong>ANDRYE ANDREY NOGUEIRA NASCIMENTO<\/strong> CLASSIFICADO 632,40 &#8211; 632,40 02 &#8211; MOTORISTA CLASSE D &#8211; FUNDAMENTAL<\/p>\n<p>31 0201015 <strong>FABIO LUIZ DE ARAUJO<\/strong> CLASSIFICADO 632,40 &#8211; 632,40 02 &#8211; MOTORISTA CLASSE D &#8211; FUNDAMENTAL<\/p>\n<p>32 0201020 <strong>FRANKLIN AMERICO ALVES DA SILVA<\/strong> CLASSIFICADO 632,40 &#8211; 632,40 02 &#8211; MOTORISTA CLASSE D &#8211; FUNDAMENTAL<\/p>\n<p>33 0203014 <strong>LEANDRO NERI DE ALMEIDA<\/strong> CLASSIFICADO 632,40 &#8211; 632,40 02 &#8211; MOTORISTA CLASSE D &#8211; FUNDAMENTAL<\/p>\n<p>34 0201016 <strong>FAGNER DINIZ OLIVEIRA<\/strong> CLASSIFICADO 622,20 &#8211; 622,20 02 &#8211; MOTORISTA CLASSE D &#8211; FUNDAMENTAL<\/p>\n<p>35 0204007 <strong>ORLANDO ALVES DE BRITO<\/strong> CLASSIFICADO 622,20 &#8211; 622,20 02 &#8211; MOTORISTA CLASSE D &#8211; FUNDAMENTAL<\/p>\n<p>36 0205010 <strong>WESLEY SILVA EMILIANO DE OLIVEIRA <\/strong>CLASSIFICADO 622,20 &#8211; 622,20 02 &#8211; MOTORISTA CLASSE D &#8211; FUNDAMENTAL<\/p>\n<p>37 0205011 <strong>WILLIS DE OLIVEIRA BARBOSA<\/strong> CLASSIFICADO 622,20 &#8211; 622,20 02 &#8211; MOTORISTA CLASSE D &#8211; FUNDAMENTAL<\/p>\n<p>38 0108005 <strong>AFREU BRANDAO DE LIMA<\/strong> CLASSIFICADO 612,00 &#8211; 612,00 02 &#8211; MOTORISTA CLASSE D &#8211; FUNDAMENTAL<\/p>\n<p>39 0204015 <strong>ROBERTO RAMOS DA SILVA<\/strong> CLASSIFICADO 612,00 &#8211; 612,00 02 &#8211; MOTORISTA CLASSE D &#8211; FUNDAMENTAL<\/p>\n<p>40 0204005 <strong>MSILVANO VITAL MARINHO <\/strong>CLASSIFICADO 612,00 &#8211; 612,00 02 &#8211; MOTORISTA CLASSE D &#8211; FUNDAMENTAL<\/p>\n<p>41 0203008 <strong>JOSE REGINALDO QUARESMA DA SILVA<\/strong> CLASSIFICADO 612,00 &#8211; 612,00 02 &#8211; MOTORISTA CLASSE D &#8211; FUNDAMENTAL<\/p>\n<p>42 0108027 <strong>CARLOS ROBERTO DA SILVA<\/strong> CLASSIFICADO 612,00 &#8211; 612,00 02 &#8211; MOTORISTA CLASSE D &#8211; FUNDAMENTAL<\/p>\n<p>43 0108026 <strong>CARLOS HENRIQUE DE ANDRADE<\/strong> CLASSIFICADO 612,00 &#8211; 612,00 02 &#8211; MOTORISTA CLASSE D &#8211; FUNDAMENTAL<\/p>\n<p>44 0202017 <strong>JOFFERSON TEOTONIO ALVES<\/strong> CLASSIFICADO 612,00 &#8211; 612,00 02 &#8211; MOTORISTA CLASSE D &#8211; FUNDAMENTAL<\/p>\n<p>45 0204018 <strong>ROSILDO ALVES DOS SANTOS<\/strong> CLASSIFICADO 612,00 &#8211; 612,00 02 &#8211; MOTORISTA CLASSE D &#8211; FUNDAMENTAL<\/p>\n<p>46 0203015 <strong>LINDEMBERG DAS NEVES SEVERIANO SILVA<\/strong> CLASSIFICADO 601,80 &#8211; 601,80 02 &#8211; MOTORISTA CLASSE D &#8211; FUNDAMENTAL<\/p>\n<p><strong>CARIRI EM A\u00c7\u00c3O<\/strong><\/p>\n<p><em>Com Ascom\/PMS\/Foto: Cariri em A\u00e7\u00e3o\u00a0<\/em><\/p>\n<p><strong>Leia mais not\u00edcias em\u00a0<\/strong><a href=\"http:\/\/www.caririemacao.com\/\"><strong>caririemacao.com<\/strong><\/a><strong>, siga nossa p\u00e1gina no\u00a0<\/strong><a href=\"https:\/\/www.facebook.com\/CaririEmAcao\/?ref=aymt_homepage_panel\"><strong>Facebook<\/strong><\/a>,<strong>\u00a0<\/strong><a href=\"https:\/\/www.instagram.com\/cariri_em_acao\/?hl=pt-br\"><strong>Instagram<\/strong><\/a><strong>\u00a0e <\/strong><a href=\"https:\/\/www.youtube.com\/channel\/UCAptA0jQuYQy8vMhLt2m4qg\"><strong>Youtube<\/strong><\/a><strong>\u00a0e veja nossas mat\u00e9rias, v\u00eddeos e fotos. Voc\u00ea tamb\u00e9m pode enviar informa\u00e7\u00f5es \u00e0 Reda\u00e7\u00e3o do Portal Cariri em A\u00e7\u00e3o pelo WhatsApp (83) 9 9634.5791, (83) 9 9601-1162.<\/strong><\/p>\n","protected":false},"excerpt":{"rendered":"<p>A Prefeitura de Sum\u00e9 est\u00e1 fazendo a segunda convoca\u00e7\u00e3o para a realiza\u00e7\u00e3o de prova pr\u00e1tica para o cargo de Motorista Classe \u201cD\u201d, dos candidatos aprovados&hellip; <\/p>\n","protected":false},"author":2,"featured_media":21643,"comment_status":"closed","ping_status":"closed","sticky":false,"template":"","format":"standard","meta":{"sfsi_plus_gutenberg_text_before_share":"","sfsi_plus_gutenberg_show_text_before_share":"","sfsi_plus_gutenberg_icon_type":"","sfsi_plus_gutenberg_icon_alignemt":"","sfsi_plus_gutenburg_max_per_row":"","footnotes":""},"categories":[6],"tags":[],"class_list":["post-36906","post","type-post","status-publish","format-standard","has-post-thumbnail","hentry","category-cidades"],"_links":{"self":[{"href":"https:\/\/www.caririemacao.com\/1\/wp-json\/wp\/v2\/posts\/36906","targetHints":{"allow":["GET"]}}],"collection":[{"href":"https:\/\/www.caririemacao.com\/1\/wp-json\/wp\/v2\/posts"}],"about":[{"href":"https:\/\/www.caririemacao.com\/1\/wp-json\/wp\/v2\/types\/post"}],"author":[{"embeddable":true,"href":"https:\/\/www.caririemacao.com\/1\/wp-json\/wp\/v2\/users\/2"}],"replies":[{"embeddable":true,"href":"https:\/\/www.caririemacao.com\/1\/wp-json\/wp\/v2\/comments?post=36906"}],"version-history":[{"count":0,"href":"https:\/\/www.caririemacao.com\/1\/wp-json\/wp\/v2\/posts\/36906\/revisions"}],"wp:featuredmedia":[{"embeddable":true,"href":"https:\/\/www.caririemacao.com\/1\/wp-json\/wp\/v2\/media\/21643"}],"wp:attachment":[{"href":"https:\/\/www.caririemacao.com\/1\/wp-json\/wp\/v2\/media?parent=36906"}],"wp:term":[{"taxonomy":"category","embeddable":true,"href":"https:\/\/www.caririemacao.com\/1\/wp-json\/wp\/v2\/categories?post=36906"},{"taxonomy":"post_tag","embeddable":true,"href":"https:\/\/www.caririemacao.com\/1\/wp-json\/wp\/v2\/tags?post=36906"}],"curies":[{"name":"wp","href":"https:\/\/api.w.org\/{rel}","templated":true}]}}