{"id":36910,"date":"2018-01-15T07:53:31","date_gmt":"2018-01-15T10:53:31","guid":{"rendered":"http:\/\/caririemacao.com\/1\/?p=36910"},"modified":"2018-01-15T07:55:47","modified_gmt":"2018-01-15T10:55:47","slug":"exclusivo-ouro-velho-divulga-programacao-oficial-dos-57-anos-de-emancipacao-politica","status":"publish","type":"post","link":"https:\/\/www.caririemacao.com\/1\/2018\/01\/15\/exclusivo-ouro-velho-divulga-programacao-oficial-dos-57-anos-de-emancipacao-politica\/","title":{"rendered":"Exclusivo: Ouro Velho divulga programa\u00e7\u00e3o oficial dos 57 anos de emancipa\u00e7\u00e3o pol\u00edtica"},"content":{"rendered":"<p>Prefeitura Municipal de Ouro Velho divulgou na manh\u00e3 desta quarta-feira (10) a programa\u00e7\u00e3o oficial dos 57 anos de emancipa\u00e7\u00e3o pol\u00edtica do munic\u00edpio.<\/p>\n<p>As comemora\u00e7\u00f5es alusivas \u00e0 emancipa\u00e7\u00e3o pol\u00edtica ocorrer\u00e3o na pr\u00f3xima segunda-feira (15), e ter\u00e1 in\u00edcio por volta das 5 horas da manh\u00e3 como alvorada pelas principais ruas da cidade.<\/p>\n<p>A programa\u00e7\u00e3o ainda conta com uma s\u00e9rie de inaugura\u00e7\u00f5es de obras.<\/p>\n<p>J\u00e1 noite, a programa\u00e7\u00e3o contar\u00e1 com shows em pra\u00e7a p\u00fablica.<\/p>\n<p><strong>Confira \u00e0 programa\u00e7\u00e3o oficial do anivers\u00e1rio de emancipa\u00e7\u00e3o pol\u00edtica de Ouro Velho:<\/strong><br \/>\n05h00-Alvorada;<br \/>\n08h00- Caf\u00e9 da manh\u00e3 na sede do Poder Executivo;<br \/>\n20h00- Inaugura\u00e7\u00e3o do p\u00f3rtico de entrada;<br \/>\n20h20min- Inaugura\u00e7\u00e3o da pavimenta\u00e7\u00e3o asf\u00e1ltica das principais ruas da cidade;<br \/>\n20h40min- Inaugura\u00e7\u00e3o do cal\u00e7amento e de cal\u00e7amento de diversas ruas do munic\u00edpio;<br \/>\n21h00- Inaugura\u00e7\u00e3o da reforma do pr\u00e9dio da sede do Poder Executivo;<br \/>\n22h00- Shows em pra\u00e7a p\u00fablica com: Walkyria Santos, Forr\u00f3 Kent, Pedro Netto e Jackson Monteiro.<\/p>\n<p><strong>CARIRI EM A\u00c7\u00c3O<\/strong><\/p>\n<p><em>Reda\u00e7\u00e3o Cariri Em A\u00e7\u00e3o <\/em><\/p>\n<p><strong>Leia mais not\u00edcias em\u00a0<\/strong><a href=\"http:\/\/www.caririemacao.com\/\"><strong>caririemacao.com<\/strong><\/a><strong>, siga nossa p\u00e1gina no\u00a0<\/strong><a href=\"https:\/\/www.facebook.com\/CaririEmAcao\/?ref=aymt_homepage_panel\"><strong>Facebook<\/strong><\/a>,<strong>\u00a0<\/strong><a href=\"https:\/\/www.instagram.com\/cariri_em_acao\/?hl=pt-br\"><strong>Instagram<\/strong><\/a><strong>\u00a0e <\/strong><a href=\"https:\/\/www.youtube.com\/channel\/UCAptA0jQuYQy8vMhLt2m4qg\"><strong>Youtube<\/strong><\/a><strong>\u00a0e veja nossas mat\u00e9rias, v\u00eddeos e fotos. Voc\u00ea tamb\u00e9m pode enviar informa\u00e7\u00f5es \u00e0 Reda\u00e7\u00e3o do Portal Cariri em A\u00e7\u00e3o pelo WhatsApp (83) 9 9634.5791, (83) 9 9601-1162.<\/strong><\/p>\n","protected":false},"excerpt":{"rendered":"<p>Prefeitura Municipal de Ouro Velho divulgou na manh\u00e3 desta quarta-feira (10) a programa\u00e7\u00e3o oficial dos 57 anos de emancipa\u00e7\u00e3o pol\u00edtica do munic\u00edpio. As comemora\u00e7\u00f5es alusivas&hellip; <\/p>\n","protected":false},"author":2,"featured_media":36933,"comment_status":"closed","ping_status":"closed","sticky":false,"template":"","format":"standard","meta":{"sfsi_plus_gutenberg_text_before_share":"","sfsi_plus_gutenberg_show_text_before_share":"","sfsi_plus_gutenberg_icon_type":"","sfsi_plus_gutenberg_icon_alignemt":"","sfsi_plus_gutenburg_max_per_row":"","footnotes":""},"categories":[6],"tags":[],"class_list":["post-36910","post","type-post","status-publish","format-standard","has-post-thumbnail","hentry","category-cidades"],"_links":{"self":[{"href":"https:\/\/www.caririemacao.com\/1\/wp-json\/wp\/v2\/posts\/36910","targetHints":{"allow":["GET"]}}],"collection":[{"href":"https:\/\/www.caririemacao.com\/1\/wp-json\/wp\/v2\/posts"}],"about":[{"href":"https:\/\/www.caririemacao.com\/1\/wp-json\/wp\/v2\/types\/post"}],"author":[{"embeddable":true,"href":"https:\/\/www.caririemacao.com\/1\/wp-json\/wp\/v2\/users\/2"}],"replies":[{"embeddable":true,"href":"https:\/\/www.caririemacao.com\/1\/wp-json\/wp\/v2\/comments?post=36910"}],"version-history":[{"count":0,"href":"https:\/\/www.caririemacao.com\/1\/wp-json\/wp\/v2\/posts\/36910\/revisions"}],"wp:featuredmedia":[{"embeddable":true,"href":"https:\/\/www.caririemacao.com\/1\/wp-json\/wp\/v2\/media\/36933"}],"wp:attachment":[{"href":"https:\/\/www.caririemacao.com\/1\/wp-json\/wp\/v2\/media?parent=36910"}],"wp:term":[{"taxonomy":"category","embeddable":true,"href":"https:\/\/www.caririemacao.com\/1\/wp-json\/wp\/v2\/categories?post=36910"},{"taxonomy":"post_tag","embeddable":true,"href":"https:\/\/www.caririemacao.com\/1\/wp-json\/wp\/v2\/tags?post=36910"}],"curies":[{"name":"wp","href":"https:\/\/api.w.org\/{rel}","templated":true}]}}