{"id":36926,"date":"2018-01-10T15:29:23","date_gmt":"2018-01-10T18:29:23","guid":{"rendered":"http:\/\/caririemacao.com\/1\/?p=36926"},"modified":"2018-01-10T15:29:23","modified_gmt":"2018-01-10T18:29:23","slug":"cassio-acusa-rc-de-tentar-transferir-responsabilidade-sobre-seguranca","status":"publish","type":"post","link":"https:\/\/www.caririemacao.com\/1\/2018\/01\/10\/cassio-acusa-rc-de-tentar-transferir-responsabilidade-sobre-seguranca\/","title":{"rendered":"C\u00e1ssio acusa RC de tentar transferir responsabilidade sobre seguran\u00e7a"},"content":{"rendered":"<p>O senador C\u00e1ssio Cunha Lima (PSDB) reagiu \u00e0s declara\u00e7\u00f5es do governador Ricardo Coutinho (PSB) sobre a seguran\u00e7a do estado nos Governos anteriores na ter\u00e7a-feira (10). De acordo com C\u00e1ssio, o governador deseja transferir responsabilidades.<\/p>\n<p>\u201cPassados sete anos, o governador ainda tenta transferir a responsabilidade por n\u00e3o ter resolvido o problema da seguran\u00e7a, como prometeu. Ora culpa os governos anteriores, ora os prefeitos, os comerciantes, os bancos e at\u00e9 a popula\u00e7\u00e3o\u201d, afirma o senador.<\/p>\n<p>C\u00e1ssio v\u00ea o balan\u00e7o da seguran\u00e7a divulgado como uma forma de minimizar desgastes sofridos pela popula\u00e7\u00e3o por conta da viol\u00eancia, principalmente por ser um ano de elei\u00e7\u00e3o.<\/p>\n<p>\u201cA seguran\u00e7a ser\u00e1 um tema central nos debates sobre o futuro da Para\u00edba. E a popula\u00e7\u00e3o n\u00e3o quer mais saber de velhas brigas, de intrigas do passado, que s\u00f3 atrapalham o desenvolvimento do Estado. Ao inv\u00e9s de atacar, ele deveria resolver. O que as pessoas querem \u00e9 solu\u00e7\u00e3o, \u00e9 resultado, \u00e9 que se apresente o caminho efetivo para diminuir a sensa\u00e7\u00e3o de inseguran\u00e7a, que, diferente das estat\u00edsticas do governo, continua crescendo\u201d, ressaltou.<\/p>\n<p><strong>CARIRI EM A\u00c7\u00c3O<\/strong><\/p>\n<p><em>Com Cariri Ligado \/Foto: Reprodu\u00e7\u00e3o Internet<\/em><\/p>\n<p><strong>Leia mais not\u00edcias em\u00a0<\/strong><a href=\"http:\/\/www.caririemacao.com\/\"><strong>caririemacao.com<\/strong><\/a><strong>, siga nossa p\u00e1gina no\u00a0<\/strong><a href=\"https:\/\/www.facebook.com\/CaririEmAcao\/?ref=aymt_homepage_panel\"><strong>Facebook<\/strong><\/a>,<strong>\u00a0<\/strong><a href=\"https:\/\/www.instagram.com\/cariri_em_acao\/?hl=pt-br\"><strong>Instagram<\/strong><\/a><strong>\u00a0e\u00a0<\/strong><a href=\"https:\/\/www.youtube.com\/channel\/UCAptA0jQuYQy8vMhLt2m4qg\"><strong>Youtube<\/strong><\/a><strong>\u00a0e veja nossas mat\u00e9rias, v\u00eddeos e fotos. Voc\u00ea tamb\u00e9m pode enviar informa\u00e7\u00f5es \u00e0 Reda\u00e7\u00e3o do Portal Cariri em A\u00e7\u00e3o pelo WhatsApp (83) 9 9634.5791, (83) 9 9601-1162.<\/strong><\/p>\n","protected":false},"excerpt":{"rendered":"<p>O senador C\u00e1ssio Cunha Lima (PSDB) reagiu \u00e0s declara\u00e7\u00f5es do governador Ricardo Coutinho (PSB) sobre a seguran\u00e7a do estado nos Governos anteriores na ter\u00e7a-feira (10).&hellip; <\/p>\n","protected":false},"author":2,"featured_media":36927,"comment_status":"closed","ping_status":"closed","sticky":false,"template":"","format":"standard","meta":{"sfsi_plus_gutenberg_text_before_share":"","sfsi_plus_gutenberg_show_text_before_share":"","sfsi_plus_gutenberg_icon_type":"","sfsi_plus_gutenberg_icon_alignemt":"","sfsi_plus_gutenburg_max_per_row":"","footnotes":""},"categories":[11],"tags":[],"class_list":["post-36926","post","type-post","status-publish","format-standard","has-post-thumbnail","hentry","category-politica"],"_links":{"self":[{"href":"https:\/\/www.caririemacao.com\/1\/wp-json\/wp\/v2\/posts\/36926","targetHints":{"allow":["GET"]}}],"collection":[{"href":"https:\/\/www.caririemacao.com\/1\/wp-json\/wp\/v2\/posts"}],"about":[{"href":"https:\/\/www.caririemacao.com\/1\/wp-json\/wp\/v2\/types\/post"}],"author":[{"embeddable":true,"href":"https:\/\/www.caririemacao.com\/1\/wp-json\/wp\/v2\/users\/2"}],"replies":[{"embeddable":true,"href":"https:\/\/www.caririemacao.com\/1\/wp-json\/wp\/v2\/comments?post=36926"}],"version-history":[{"count":0,"href":"https:\/\/www.caririemacao.com\/1\/wp-json\/wp\/v2\/posts\/36926\/revisions"}],"wp:featuredmedia":[{"embeddable":true,"href":"https:\/\/www.caririemacao.com\/1\/wp-json\/wp\/v2\/media\/36927"}],"wp:attachment":[{"href":"https:\/\/www.caririemacao.com\/1\/wp-json\/wp\/v2\/media?parent=36926"}],"wp:term":[{"taxonomy":"category","embeddable":true,"href":"https:\/\/www.caririemacao.com\/1\/wp-json\/wp\/v2\/categories?post=36926"},{"taxonomy":"post_tag","embeddable":true,"href":"https:\/\/www.caririemacao.com\/1\/wp-json\/wp\/v2\/tags?post=36926"}],"curies":[{"name":"wp","href":"https:\/\/api.w.org\/{rel}","templated":true}]}}