{"id":36929,"date":"2018-01-10T15:39:39","date_gmt":"2018-01-10T18:39:39","guid":{"rendered":"http:\/\/caririemacao.com\/1\/?p=36929"},"modified":"2018-01-10T15:39:39","modified_gmt":"2018-01-10T18:39:39","slug":"temer-promete-r-10-bilhoes-em-obras-para-quem-votar-a-favor-da-reforma-da-previdencia","status":"publish","type":"post","link":"https:\/\/www.caririemacao.com\/1\/2018\/01\/10\/temer-promete-r-10-bilhoes-em-obras-para-quem-votar-a-favor-da-reforma-da-previdencia\/","title":{"rendered":"Temer promete R$ 10 bilh\u00f5es em obras para quem votar a favor da reforma da Previd\u00eancia"},"content":{"rendered":"<p>O presidente Michel Temer vai usar nova arma para tentar alcan\u00e7ar os 308 votos necess\u00e1rios para aprova\u00e7\u00e3o da reforma da Previd\u00eancia na C\u00e2mara: a libera\u00e7\u00e3o de R$ 10 bilh\u00f5es para a conclus\u00e3o de obras em redutos eleitorais de quem apoiar o governo. O dinheiro sair\u00e1 da pr\u00f3pria economia gerada em 2018 com a eventual aprova\u00e7\u00e3o das novas regras da Previd\u00eancia em fevereiro.<\/p>\n<p>C\u00e1lculos da equipe econ\u00f4mica indicam que os gastos com benef\u00edcios que deixar\u00e3o de ser feitos imediatamente ap\u00f3s a reforma v\u00e3o gerar uma sobra de R$ 10 bilh\u00f5es no caixa se a mudan\u00e7a ocorrer ainda em fevereiro.<\/p>\n<p>O governo alega, de acordo com a\u00a0Folha, que quanto mais a reforma demorar a passar, menor ser\u00e1 essa economia gerada. Em mar\u00e7o, ela cai para cerca de R$ 7 bilh\u00f5es. Em abril, R$ 4 bilh\u00f5es.<\/p>\n<p>Desde meados do ano passado, o governo vinha sinalizando com a libera\u00e7\u00e3o de recursos do Or\u00e7amento para obras em troca de votos pela a reforma. Mas as promessas sucumbiram diante da queda de receitas em 2017. Agora, a proposta \u00e9 destinar os recursos da reforma \u00e0s obras, um dinheiro \u201ccarimbado\u201d.<\/p>\n<p>Segundo, ter\u00e3o prioridade os projetos em andamento que necessitam de pouco dinheiro para serem inaugurados ou entrarem na fase final. \u201cEntre eles est\u00e3o ajustes finais na duplica\u00e7\u00e3o da rodovia R\u00e9gis Bittencourt, na serra do Cafezal, obra praticamente conclu\u00edda; a segunda fase da linha de transmiss\u00e3o de Belo Monte; a BR-163, no Par\u00e1, os aeroportos de Vit\u00f3ria (ES) e Macap\u00e1 (AP) e a ponte do rio Gua\u00edba (RS)\u201d.<\/p>\n<p><strong>CARIRI EM A\u00c7\u00c3O<\/strong><\/p>\n<p><em>Com\u00a0C<\/em>ongresso em foco<em>\u00a0\/Foto:\u00a0Congresso em foco<\/em><\/p>\n<p><strong>Leia mais not\u00edcias em\u00a0<\/strong><a href=\"http:\/\/www.caririemacao.com\/\"><strong>caririemacao.com<\/strong><\/a><strong>, siga nossa p\u00e1gina no\u00a0<\/strong><a href=\"https:\/\/www.facebook.com\/CaririEmAcao\/?ref=aymt_homepage_panel\"><strong>Facebook<\/strong><\/a>,<strong>\u00a0<\/strong><a href=\"https:\/\/www.instagram.com\/cariri_em_acao\/?hl=pt-br\"><strong>Instagram<\/strong><\/a><strong>\u00a0e\u00a0<\/strong><a href=\"https:\/\/www.youtube.com\/channel\/UCAptA0jQuYQy8vMhLt2m4qg\"><strong>Youtube<\/strong><\/a><strong>\u00a0e veja nossas mat\u00e9rias, v\u00eddeos e fotos. Voc\u00ea tamb\u00e9m pode enviar informa\u00e7\u00f5es \u00e0 Reda\u00e7\u00e3o do Portal Cariri em A\u00e7\u00e3o pelo WhatsApp (83) 9 9634.5791, (83) 9 9601-1162.<\/strong><\/p>\n","protected":false},"excerpt":{"rendered":"<p>O presidente Michel Temer vai usar nova arma para tentar alcan\u00e7ar os 308 votos necess\u00e1rios para aprova\u00e7\u00e3o da reforma da Previd\u00eancia na C\u00e2mara: a libera\u00e7\u00e3o&hellip; <\/p>\n","protected":false},"author":2,"featured_media":36930,"comment_status":"closed","ping_status":"closed","sticky":false,"template":"","format":"standard","meta":{"sfsi_plus_gutenberg_text_before_share":"","sfsi_plus_gutenberg_show_text_before_share":"","sfsi_plus_gutenberg_icon_type":"","sfsi_plus_gutenberg_icon_alignemt":"","sfsi_plus_gutenburg_max_per_row":"","footnotes":""},"categories":[11],"tags":[],"class_list":["post-36929","post","type-post","status-publish","format-standard","has-post-thumbnail","hentry","category-politica"],"_links":{"self":[{"href":"https:\/\/www.caririemacao.com\/1\/wp-json\/wp\/v2\/posts\/36929","targetHints":{"allow":["GET"]}}],"collection":[{"href":"https:\/\/www.caririemacao.com\/1\/wp-json\/wp\/v2\/posts"}],"about":[{"href":"https:\/\/www.caririemacao.com\/1\/wp-json\/wp\/v2\/types\/post"}],"author":[{"embeddable":true,"href":"https:\/\/www.caririemacao.com\/1\/wp-json\/wp\/v2\/users\/2"}],"replies":[{"embeddable":true,"href":"https:\/\/www.caririemacao.com\/1\/wp-json\/wp\/v2\/comments?post=36929"}],"version-history":[{"count":0,"href":"https:\/\/www.caririemacao.com\/1\/wp-json\/wp\/v2\/posts\/36929\/revisions"}],"wp:featuredmedia":[{"embeddable":true,"href":"https:\/\/www.caririemacao.com\/1\/wp-json\/wp\/v2\/media\/36930"}],"wp:attachment":[{"href":"https:\/\/www.caririemacao.com\/1\/wp-json\/wp\/v2\/media?parent=36929"}],"wp:term":[{"taxonomy":"category","embeddable":true,"href":"https:\/\/www.caririemacao.com\/1\/wp-json\/wp\/v2\/categories?post=36929"},{"taxonomy":"post_tag","embeddable":true,"href":"https:\/\/www.caririemacao.com\/1\/wp-json\/wp\/v2\/tags?post=36929"}],"curies":[{"name":"wp","href":"https:\/\/api.w.org\/{rel}","templated":true}]}}