{"id":36937,"date":"2018-01-10T16:43:56","date_gmt":"2018-01-10T19:43:56","guid":{"rendered":"http:\/\/caririemacao.com\/1\/?p=36937"},"modified":"2018-01-10T16:46:54","modified_gmt":"2018-01-10T19:46:54","slug":"moto-roubada-e-apreendida-no-cariri","status":"publish","type":"post","link":"https:\/\/www.caririemacao.com\/1\/2018\/01\/10\/moto-roubada-e-apreendida-no-cariri\/","title":{"rendered":"Moto roubada \u00e9 apreendida no Cariri"},"content":{"rendered":"<p>A Pol\u00edcia Militar realizou na manh\u00e3 desta quarta-feira (10) blitz e abordagens em pontos estrat\u00e9gicos do munic\u00edpio de Monteiro. A opera\u00e7\u00e3o foi realizada com apoio da R\u00e1dio patrulha, CPU e ROTAM.<\/p>\n<p>Na opera\u00e7\u00e3o, foi preso um homem em atitude suspeita, identificado como Daniel Manoel do Nascimento. Daniel estava de posse de uma motocicleta Honda Bros 150, de cor vermelha e placa OEV-5335.<\/p>\n<p>De acordo com o Sinesp cidad\u00e3o da Secret\u00e1ria de Seguran\u00e7a do Estado, a motocicleta \u00e9 roubada e no momento da abordagem foi constatado que estava com a numera\u00e7\u00e3o do motor adulterada. O jovem e a motocicleta foram levados para Delegacia de Monteiro para os procedimentos legais.<\/p>\n<p><a href=\"http:\/\/caririemacao.com\/1\/wp-content\/uploads\/2018\/01\/35d450b1-305d-4824-ace7-7be6db7d1f34.jpg\"><img fetchpriority=\"high\" decoding=\"async\" class=\"aligncenter wp-image-36939 size-full\" src=\"http:\/\/caririemacao.com\/1\/wp-content\/uploads\/2018\/01\/35d450b1-305d-4824-ace7-7be6db7d1f34.jpg\" alt=\"\" width=\"720\" height=\"864\" srcset=\"https:\/\/www.caririemacao.com\/1\/wp-content\/uploads\/2018\/01\/35d450b1-305d-4824-ace7-7be6db7d1f34.jpg 720w, https:\/\/www.caririemacao.com\/1\/wp-content\/uploads\/2018\/01\/35d450b1-305d-4824-ace7-7be6db7d1f34-250x300.jpg 250w\" sizes=\"(max-width: 720px) 100vw, 720px\" \/><\/a><\/p>\n<p><strong>CARIRI EM A\u00c7\u00c3O<\/strong><\/p>\n<p><strong>Reda\u00e7\u00e3o Cariri Em A\u00e7\u00e3o <\/strong><\/p>\n<p><strong>Leia mais not\u00edcias em\u00a0<\/strong><a href=\"http:\/\/www.caririemacao.com\/\"><strong>caririemacao.com<\/strong><\/a><strong>, siga nossa p\u00e1gina no\u00a0<\/strong><a href=\"https:\/\/www.facebook.com\/CaririEmAcao\/?ref=aymt_homepage_panel\"><strong>Facebook<\/strong><\/a>,<strong>\u00a0<\/strong><a href=\"https:\/\/www.instagram.com\/cariri_em_acao\/?hl=pt-br\"><strong>Instagram<\/strong><\/a><strong>\u00a0e <\/strong><a href=\"https:\/\/www.youtube.com\/channel\/UCAptA0jQuYQy8vMhLt2m4qg\"><strong>Youtube<\/strong><\/a><strong>\u00a0e veja nossas mat\u00e9rias, v\u00eddeos e fotos. Voc\u00ea tamb\u00e9m pode enviar informa\u00e7\u00f5es \u00e0 Reda\u00e7\u00e3o do Portal Cariri em A\u00e7\u00e3o pelo WhatsApp (83) 9 9634.5791, (83) 9 9601-1162.<\/strong><\/p>\n","protected":false},"excerpt":{"rendered":"<p>A Pol\u00edcia Militar realizou na manh\u00e3 desta quarta-feira (10) blitz e abordagens em pontos estrat\u00e9gicos do munic\u00edpio de Monteiro. A opera\u00e7\u00e3o foi realizada com apoio&hellip; <\/p>\n","protected":false},"author":2,"featured_media":36938,"comment_status":"closed","ping_status":"closed","sticky":false,"template":"","format":"standard","meta":{"sfsi_plus_gutenberg_text_before_share":"","sfsi_plus_gutenberg_show_text_before_share":"","sfsi_plus_gutenberg_icon_type":"","sfsi_plus_gutenberg_icon_alignemt":"","sfsi_plus_gutenburg_max_per_row":"","footnotes":""},"categories":[12],"tags":[],"class_list":["post-36937","post","type-post","status-publish","format-standard","has-post-thumbnail","hentry","category-policia"],"_links":{"self":[{"href":"https:\/\/www.caririemacao.com\/1\/wp-json\/wp\/v2\/posts\/36937","targetHints":{"allow":["GET"]}}],"collection":[{"href":"https:\/\/www.caririemacao.com\/1\/wp-json\/wp\/v2\/posts"}],"about":[{"href":"https:\/\/www.caririemacao.com\/1\/wp-json\/wp\/v2\/types\/post"}],"author":[{"embeddable":true,"href":"https:\/\/www.caririemacao.com\/1\/wp-json\/wp\/v2\/users\/2"}],"replies":[{"embeddable":true,"href":"https:\/\/www.caririemacao.com\/1\/wp-json\/wp\/v2\/comments?post=36937"}],"version-history":[{"count":0,"href":"https:\/\/www.caririemacao.com\/1\/wp-json\/wp\/v2\/posts\/36937\/revisions"}],"wp:featuredmedia":[{"embeddable":true,"href":"https:\/\/www.caririemacao.com\/1\/wp-json\/wp\/v2\/media\/36938"}],"wp:attachment":[{"href":"https:\/\/www.caririemacao.com\/1\/wp-json\/wp\/v2\/media?parent=36937"}],"wp:term":[{"taxonomy":"category","embeddable":true,"href":"https:\/\/www.caririemacao.com\/1\/wp-json\/wp\/v2\/categories?post=36937"},{"taxonomy":"post_tag","embeddable":true,"href":"https:\/\/www.caririemacao.com\/1\/wp-json\/wp\/v2\/tags?post=36937"}],"curies":[{"name":"wp","href":"https:\/\/api.w.org\/{rel}","templated":true}]}}