{"id":36949,"date":"2018-01-10T19:58:19","date_gmt":"2018-01-10T22:58:19","guid":{"rendered":"http:\/\/caririemacao.com\/1\/?p=36949"},"modified":"2018-01-10T19:58:19","modified_gmt":"2018-01-10T22:58:19","slug":"temer-reune-ministros-para-comemorar-inflacao-baixa","status":"publish","type":"post","link":"https:\/\/www.caririemacao.com\/1\/2018\/01\/10\/temer-reune-ministros-para-comemorar-inflacao-baixa\/","title":{"rendered":"Temer re\u00fane ministros para comemorar infla\u00e7\u00e3o baixa"},"content":{"rendered":"<p>O presidente Michel Temer reuniu-se hoje (10) com ministros da \u00e1rea pol\u00edtica e econ\u00f4mica para celebrar os recentes dados da\u00a0infla\u00e7\u00e3o. O \u00cdndice Nacional de Pre\u00e7os ao Consumidor Amplo (IPCA), a infla\u00e7\u00e3o oficial do pa\u00eds, fechou 2017 em 2,95%, abaixo do piso estipulado pelo governo, de 3%.<\/p>\n<p>\u201cEstamos reunidos para comemorar um fato extraordin\u00e1rio, um \u00edndice de infla\u00e7\u00e3o abaixo do piso. Acho que isso merece uma comemora\u00e7\u00e3o\u201d, disse Temer na abertura do encontro, no Pal\u00e1cio do Planalto. Para 2017, o governo havia fixado uma meta inflacion\u00e1ria de 4,5%, com possibilidade de varia\u00e7\u00e3o de 1,5% para cima ou para baixo, ou seja, entre 6% e 3%.<\/p>\n<p>Estiveram presentes os ministros da Fazenda, Henrique Meirelles; da Secretaria-Geral da Presid\u00eancia da Rep\u00fablica, Moreira Franco; e da Secretaria de Governo, Carlos Marun. O presidente do Banco Central, Ilan Goldfajn, e o ministro interino do Planejamento, Desenvolvimento e Gest\u00e3o, Esteves Colnago, tamb\u00e9m estiveram com o presidente.<\/p>\n<p>Defla\u00e7\u00e3o dos alimentos fez infla\u00e7\u00e3o ficar abaixo do piso da meta, diz Goldfajn<\/p>\n<p>Temer disse que a infla\u00e7\u00e3o baixa \u201cvai significar mais empregos, mais comida na mesa, mais rendimento na poupan\u00e7a\u201d. A infla\u00e7\u00e3o de 2017 \u00e9 a menor desde a taxa de 1998, quando ficou em 1,65%. Temer ressaltou que o governo deve trabalhar, daqui para frente, para manter o \u00edndice baixo.<\/p>\n<p>\u201cAncorados no que j\u00e1 fizemos no passado, n\u00f3s temos que continuar a fazer para manter a infla\u00e7\u00e3o baixa, os juros tal como v\u00eam sendo, reduzidos, e, em consequ\u00eancia, gerar empregos e fazer com que o brasileiro possa comer melhor, viver melhor, morar melhor\u201d, disse Temer. \u201cE que essa nossa reuni\u00e3o sirva de incentivo para que todo o governo siga nesse trabalho de recupera\u00e7\u00e3o econ\u00f4mica do nosso pa\u00eds\u201d, completou.<\/p>\n<p>Recupera\u00e7\u00e3o econ\u00f4mica<\/p>\n<p>O Minist\u00e9rio do Planejamento, Desenvolvimento e Gest\u00e3o disse hoje (10), em nota, que o resultado da infla\u00e7\u00e3o de 2017mostra que o pa\u00eds pode dar continuidade ao processo de recupera\u00e7\u00e3o do crescimento econ\u00f4mico. Segundo a pasta, 2017 \u201cterminou com resultados favor\u00e1veis no campo econ\u00f4mico\u201d.<\/p>\n<p>\u201cSa\u00edmos da maior recess\u00e3o da nossa hist\u00f3ria, com dois anos seguidos de queda no PIB [Produto Interno Bruto, a soma de todos os bens e servi\u00e7os produzidos no pa\u00eds ], voltamos a gerar empregos e a infla\u00e7\u00e3o, como divulgada hoje pelo IBGE [Instituto Brasileiro de Geografia e Estat\u00edstica], mostrou recuo de maneira significativa\u201d, diz a nota do Planejamento.<\/p>\n<p>\u201cCom a infla\u00e7\u00e3o sob controle, o pa\u00eds pode dar continuidade ao processo de recupera\u00e7\u00e3o do crescimento econ\u00f4mico em curso gerando empregos e aumentando a renda das fam\u00edlias\u201d, acrescentou.<\/p>\n<p><strong>CARIRI EM A\u00c7\u00c3O<\/strong><\/p>\n<p><em>Com <\/em>EBC\u00a0<em>\/Foto:\u00a0EBC<\/em><\/p>\n<p><strong>Leia mais not\u00edcias em\u00a0<\/strong><a href=\"http:\/\/www.caririemacao.com\/\"><strong>caririemacao.com<\/strong><\/a><strong>, siga nossa p\u00e1gina no\u00a0<\/strong><a href=\"https:\/\/www.facebook.com\/CaririEmAcao\/?ref=aymt_homepage_panel\"><strong>Facebook<\/strong><\/a>,<strong>\u00a0<\/strong><a href=\"https:\/\/www.instagram.com\/cariri_em_acao\/?hl=pt-br\"><strong>Instagram<\/strong><\/a><strong>\u00a0e\u00a0<\/strong><a href=\"https:\/\/www.youtube.com\/channel\/UCAptA0jQuYQy8vMhLt2m4qg\"><strong>Youtube<\/strong><\/a><strong>\u00a0e veja nossas mat\u00e9rias, v\u00eddeos e fotos. Voc\u00ea tamb\u00e9m pode enviar informa\u00e7\u00f5es \u00e0 Reda\u00e7\u00e3o do Portal Cariri em A\u00e7\u00e3o pelo WhatsApp (83) 9 9634.5791, (83) 9 9601-1162.<\/strong><\/p>\n","protected":false},"excerpt":{"rendered":"<p>O presidente Michel Temer reuniu-se hoje (10) com ministros da \u00e1rea pol\u00edtica e econ\u00f4mica para celebrar os recentes dados da\u00a0infla\u00e7\u00e3o. O \u00cdndice Nacional de Pre\u00e7os&hellip; <\/p>\n","protected":false},"author":2,"featured_media":36950,"comment_status":"closed","ping_status":"closed","sticky":false,"template":"","format":"standard","meta":{"sfsi_plus_gutenberg_text_before_share":"","sfsi_plus_gutenberg_show_text_before_share":"","sfsi_plus_gutenberg_icon_type":"","sfsi_plus_gutenberg_icon_alignemt":"","sfsi_plus_gutenburg_max_per_row":"","footnotes":""},"categories":[11],"tags":[],"class_list":["post-36949","post","type-post","status-publish","format-standard","has-post-thumbnail","hentry","category-politica"],"_links":{"self":[{"href":"https:\/\/www.caririemacao.com\/1\/wp-json\/wp\/v2\/posts\/36949","targetHints":{"allow":["GET"]}}],"collection":[{"href":"https:\/\/www.caririemacao.com\/1\/wp-json\/wp\/v2\/posts"}],"about":[{"href":"https:\/\/www.caririemacao.com\/1\/wp-json\/wp\/v2\/types\/post"}],"author":[{"embeddable":true,"href":"https:\/\/www.caririemacao.com\/1\/wp-json\/wp\/v2\/users\/2"}],"replies":[{"embeddable":true,"href":"https:\/\/www.caririemacao.com\/1\/wp-json\/wp\/v2\/comments?post=36949"}],"version-history":[{"count":0,"href":"https:\/\/www.caririemacao.com\/1\/wp-json\/wp\/v2\/posts\/36949\/revisions"}],"wp:featuredmedia":[{"embeddable":true,"href":"https:\/\/www.caririemacao.com\/1\/wp-json\/wp\/v2\/media\/36950"}],"wp:attachment":[{"href":"https:\/\/www.caririemacao.com\/1\/wp-json\/wp\/v2\/media?parent=36949"}],"wp:term":[{"taxonomy":"category","embeddable":true,"href":"https:\/\/www.caririemacao.com\/1\/wp-json\/wp\/v2\/categories?post=36949"},{"taxonomy":"post_tag","embeddable":true,"href":"https:\/\/www.caririemacao.com\/1\/wp-json\/wp\/v2\/tags?post=36949"}],"curies":[{"name":"wp","href":"https:\/\/api.w.org\/{rel}","templated":true}]}}