{"id":36952,"date":"2018-01-10T20:10:57","date_gmt":"2018-01-10T23:10:57","guid":{"rendered":"http:\/\/caririemacao.com\/1\/?p=36952"},"modified":"2018-01-10T20:10:57","modified_gmt":"2018-01-10T23:10:57","slug":"cruzeiro-oferece-1-milhao-de-dolares-para-tentar-tirar-mancuello-do-fla","status":"publish","type":"post","link":"https:\/\/www.caririemacao.com\/1\/2018\/01\/10\/cruzeiro-oferece-1-milhao-de-dolares-para-tentar-tirar-mancuello-do-fla\/","title":{"rendered":"Cruzeiro oferece 1 milh\u00e3o de d\u00f3lares para tentar tirar Mancuello do Fla"},"content":{"rendered":"<p>O Cruzeiro est\u00e1 interessado na contrata\u00e7\u00e3o do argentino Federico Mancuello, atualmente no Flamengo. A pedido de Mano, a diretoria do clube celeste j\u00e1 iniciou as negocia\u00e7\u00f5es e est\u00e1 disposta a desembolsar US$ 1 milh\u00e3o (R$3,24 milh\u00f5es na cota\u00e7\u00e3o atual) para levar o jogador.<\/p>\n<p>As conversas com o empres\u00e1rio do jogador j\u00e1 est\u00e3o em andamento e tiveram in\u00edcio assim que o Cruzeiro soube que o Flamengo n\u00e3o faria esfor\u00e7os para ficar com o atleta de 28 anos, que chegaria em definitivo na Toca da Raposa. Assim como as outras seis contrata\u00e7\u00f5es confirmadas at\u00e9 o momento, Mancuello tamb\u00e9m conta com o aval do t\u00e9cnico Mano Menezes.<\/p>\n<p>Na \u00faltima segunda-feira, em entrevista concedida na Toca da Raposa, o vice-presidente de futebol, Itair Machado, confirmou que o Cruzeiro ainda ir\u00e1 contratar mais um jogador e deu a dica que o futuro refor\u00e7o joga em &#8220;posi\u00e7\u00f5es gerais&#8221;, se referindo \u00e0 versatilidade do atleta. Volante de origem, Mancuello tamb\u00e9m atua nas posi\u00e7\u00f5es de meia e lateral esquerdo.<\/p>\n<p>Vale lembrar que o Flamengo contratou Mancuello em janeiro de 2016 por US$3 milh\u00f5es (R$12 milh\u00f5es \u00e0 \u00e9poca) junto ao Independiente, da Argentina. Em dois anos no time carioca, o jogador de 28 anos fez 66 partidas, sendo 42 na condi\u00e7\u00e3o de titular, marcando 10 gols e distribuindo 10 assist\u00eancias, mas sem nunca ter conseguido repetir o bom futebol dos tempos de Independiente.<\/p>\n<p><strong>CARIRI EM A\u00c7\u00c3O<\/strong><\/p>\n<p><em>Com UOL\/Foto:Marcello Zambrana\u00a0<\/em><\/p>\n<p><strong>Leia mais not\u00edcias em\u00a0<\/strong><a href=\"http:\/\/www.caririemacao.com\/\"><strong>caririemacao.com<\/strong><\/a><strong>, siga nossa p\u00e1gina no\u00a0<\/strong><a href=\"https:\/\/www.facebook.com\/CaririEmAcao\/?ref=aymt_homepage_panel\"><strong>Facebook<\/strong><\/a>,<strong>\u00a0<\/strong><a href=\"https:\/\/www.instagram.com\/cariri_em_acao\/?hl=pt-br\"><strong>Instagram<\/strong><\/a><strong>\u00a0e\u00a0<\/strong><a href=\"https:\/\/www.youtube.com\/channel\/UCAptA0jQuYQy8vMhLt2m4qg\"><strong>Youtube<\/strong><\/a><strong>\u00a0e veja nossas mat\u00e9rias, v\u00eddeos e fotos. Voc\u00ea tamb\u00e9m pode enviar informa\u00e7\u00f5es \u00e0 Reda\u00e7\u00e3o do Portal Cariri em A\u00e7\u00e3o pelo WhatsApp (83) 9 9634.5791, (83) 9 9601-1162.<\/strong><\/p>\n","protected":false},"excerpt":{"rendered":"<p>O Cruzeiro est\u00e1 interessado na contrata\u00e7\u00e3o do argentino Federico Mancuello, atualmente no Flamengo. A pedido de Mano, a diretoria do clube celeste j\u00e1 iniciou as&hellip; <\/p>\n","protected":false},"author":2,"featured_media":36953,"comment_status":"closed","ping_status":"closed","sticky":false,"template":"","format":"standard","meta":{"sfsi_plus_gutenberg_text_before_share":"","sfsi_plus_gutenberg_show_text_before_share":"","sfsi_plus_gutenberg_icon_type":"","sfsi_plus_gutenberg_icon_alignemt":"","sfsi_plus_gutenburg_max_per_row":"","footnotes":""},"categories":[13],"tags":[],"class_list":["post-36952","post","type-post","status-publish","format-standard","has-post-thumbnail","hentry","category-esportes"],"_links":{"self":[{"href":"https:\/\/www.caririemacao.com\/1\/wp-json\/wp\/v2\/posts\/36952","targetHints":{"allow":["GET"]}}],"collection":[{"href":"https:\/\/www.caririemacao.com\/1\/wp-json\/wp\/v2\/posts"}],"about":[{"href":"https:\/\/www.caririemacao.com\/1\/wp-json\/wp\/v2\/types\/post"}],"author":[{"embeddable":true,"href":"https:\/\/www.caririemacao.com\/1\/wp-json\/wp\/v2\/users\/2"}],"replies":[{"embeddable":true,"href":"https:\/\/www.caririemacao.com\/1\/wp-json\/wp\/v2\/comments?post=36952"}],"version-history":[{"count":0,"href":"https:\/\/www.caririemacao.com\/1\/wp-json\/wp\/v2\/posts\/36952\/revisions"}],"wp:featuredmedia":[{"embeddable":true,"href":"https:\/\/www.caririemacao.com\/1\/wp-json\/wp\/v2\/media\/36953"}],"wp:attachment":[{"href":"https:\/\/www.caririemacao.com\/1\/wp-json\/wp\/v2\/media?parent=36952"}],"wp:term":[{"taxonomy":"category","embeddable":true,"href":"https:\/\/www.caririemacao.com\/1\/wp-json\/wp\/v2\/categories?post=36952"},{"taxonomy":"post_tag","embeddable":true,"href":"https:\/\/www.caririemacao.com\/1\/wp-json\/wp\/v2\/tags?post=36952"}],"curies":[{"name":"wp","href":"https:\/\/api.w.org\/{rel}","templated":true}]}}