{"id":36955,"date":"2018-01-10T20:26:51","date_gmt":"2018-01-10T23:26:51","guid":{"rendered":"http:\/\/caririemacao.com\/1\/?p=36955"},"modified":"2018-01-10T20:26:51","modified_gmt":"2018-01-10T23:26:51","slug":"melhor-lateral-do-brasil-pelo-coritiba-thiago-carleto-e-anunciado-pelo-atletico-pr","status":"publish","type":"post","link":"https:\/\/www.caririemacao.com\/1\/2018\/01\/10\/melhor-lateral-do-brasil-pelo-coritiba-thiago-carleto-e-anunciado-pelo-atletico-pr\/","title":{"rendered":"Melhor lateral do Brasil pelo Coritiba, Thiago Carleto \u00e9 anunciado pelo Atl\u00e9tico-PR"},"content":{"rendered":"<div>\u201cEstou muito contente. Esta escolha foi a melhor. Desde j\u00e1, posso garantir isso. O jogador, acima de tudo, tem que se sentir bem com aquilo que ele faz. Com certeza, estou no melhor lugar do Brasil e que vai me dar totais condi\u00e7\u00f5es de exercer o meu trabalho dentro de campo\u201d, destacou o lateral. \u201cMuitas pessoas j\u00e1 falavam e eu tinha uma no\u00e7\u00e3o. Mas, estando aqui, realmente vi que o Atl\u00e9tico \u00e9 diferenciado, em todos os aspectos\u201d, completou.<\/div>\n<div><\/div>\n<div>Carleto acumula experi\u00eancias na Espanha, Portugal e Paraguai. No Brasileir\u00e3o do ano passado, disputou 20 partidas pelo Coritiba. Marcou dois gols e foi respons\u00e1vel por oito assist\u00eancias, garantindo a lideran\u00e7a no quesito entre todos os laterais da competi\u00e7\u00e3o. Desempenho que foi coroado com a Bola de Prata.<\/div>\n<div><\/div>\n<div>\u201cPor tudo que passei na carreira, simboliza um crescimento [Bola de Prata]\u201d, afirmou Thiago Carleto. \u201cQuero, neste ano, fazer uma temporada excelente. Estou me preparando e vou me preparar mais ainda\u201d, completou.<\/div>\n<div><\/div>\n<div>Revelado nas Categorias de Forma\u00e7\u00e3o do Santos, Carleto estreou profissionalmente em 2007. No curr\u00edculo, tem os t\u00edtulos do Campeonato Brasileiro e do Campeonato Carioca, ambos em 2012 [Fluminense], do Campeonato Paulista de 2007 [Santos] e do Brasileiro da S\u00e9rie B de 2015 [Botafogo].<\/div>\n<div><\/div>\n<div>O elenco principal do Atl\u00e9tico Paranaense se prepara para as disputas da Copa do Brasil, do Campeonato Brasileiro e da Conmebol Sul-Americana. \u201cPosso dizer, pelas contrata\u00e7\u00f5es que t\u00eam sido feitas e pelo grande treinador que \u00e9 o Diniz, que o nosso time tem totais condi\u00e7\u00f5es de brigar por t\u00edtulos. Vamos trabalhar bastante\u201d, concluiu Thiago Carleto.<\/div>\n<div><\/div>\n<div>Confira, abaixo, a ficha t\u00e9cnica do lateral-esquerdo Thiago Carleto, novo refor\u00e7o atleticano:<\/div>\n<div><\/div>\n<div>Nome completo: Thiago Carletti Alves<\/div>\n<div>Posi\u00e7\u00e3o: Lateral-esquerdo<\/div>\n<div>Data de nascimento: 24 de mar\u00e7o de 1989 [28 anos]<\/div>\n<div>Local de nascimento: S\u00e3o Bernardo do Campo (SP)<\/div>\n<div>Clubes em que atuou:\u00a0Santos (SP), Valencia (Espanha), Elche (Espanha), S\u00e3o Paulo (SP), Olimpia (Paraguai), Am\u00e9rica Mineiro (MG), Fluminense (RJ), Ponte Preta (SP), Ava\u00ed (SC), Botafogo (RJ), XV de Piracicaba (SP), Arouca (Portugal), Linense (SP) e Coritiba (PR).<\/div>\n<div>T\u00edtulos conquistados:\u00a0Campeonato Paulista (2007), Campeonato Carioca (2012), Campeonato Brasileiro S\u00e9rie A (2012) e Campeonato Brasileiro S\u00e9rie B (2015).<\/div>\n<div id=\"essb_displayed_bottom_1980981538\" class=\"essb_links essb_counter_modern_right essb_displayed_bottom essb_share essb_template_clear-retina essb_template_clear-rounded-retina essb_1980981538 essb_fixedwidth__ essb_links_center print-no\" data-essb-postid=\"80269\" data-essb-position=\"bottom\" data-essb-button-style=\"icon\" data-essb-template=\"clear-retina essb_template_clear-rounded-retina\" data-essb-counter-pos=\"right\" data-essb-url=\"http:\/\/brasiliadefato.com.br\/esportes\/2018\/01\/melhor-lateral-do-brasil-pelo-coritiba-thiago-carleto-e-anunciado-pelo-atletico-pr\/\" data-essb-twitter-url=\"http:\/\/brasiliadefato.com.br\/esportes\/2018\/01\/melhor-lateral-do-brasil-pelo-coritiba-thiago-carleto-e-anunciado-pelo-atletico-pr\/\" data-essb-instance=\"1980981538\"><\/div>\n<div data-essb-postid=\"80269\" data-essb-position=\"bottom\" data-essb-button-style=\"icon\" data-essb-template=\"clear-retina essb_template_clear-rounded-retina\" data-essb-counter-pos=\"right\" data-essb-url=\"http:\/\/brasiliadefato.com.br\/esportes\/2018\/01\/melhor-lateral-do-brasil-pelo-coritiba-thiago-carleto-e-anunciado-pelo-atletico-pr\/\" data-essb-twitter-url=\"http:\/\/brasiliadefato.com.br\/esportes\/2018\/01\/melhor-lateral-do-brasil-pelo-coritiba-thiago-carleto-e-anunciado-pelo-atletico-pr\/\" data-essb-instance=\"1980981538\">\n<p><strong>CARIRI EM A\u00c7\u00c3O<\/strong><\/p>\n<p><em>Com MSN\/Foto:MSN<\/em><\/p>\n<p><strong>Leia mais not\u00edcias em\u00a0<\/strong><a href=\"http:\/\/www.caririemacao.com\/\"><strong>caririemacao.com<\/strong><\/a><strong>, siga nossa p\u00e1gina no\u00a0<\/strong><a href=\"https:\/\/www.facebook.com\/CaririEmAcao\/?ref=aymt_homepage_panel\"><strong>Facebook<\/strong><\/a>,<strong>\u00a0<\/strong><a href=\"https:\/\/www.instagram.com\/cariri_em_acao\/?hl=pt-br\"><strong>Instagram<\/strong><\/a><strong>\u00a0e\u00a0<\/strong><a href=\"https:\/\/www.youtube.com\/channel\/UCAptA0jQuYQy8vMhLt2m4qg\"><strong>Youtube<\/strong><\/a><strong>\u00a0e veja nossas mat\u00e9rias, v\u00eddeos e fotos. Voc\u00ea tamb\u00e9m pode enviar informa\u00e7\u00f5es \u00e0 Reda\u00e7\u00e3o do Portal Cariri em A\u00e7\u00e3o pelo WhatsApp (83) 9 9634.5791, (83) 9 9601-1162.<\/strong><\/p>\n<\/div>\n","protected":false},"excerpt":{"rendered":"<p>\u201cEstou muito contente. Esta escolha foi a melhor. Desde j\u00e1, posso garantir isso. O jogador, acima de tudo, tem que se sentir bem com aquilo&hellip; <\/p>\n","protected":false},"author":2,"featured_media":36956,"comment_status":"closed","ping_status":"closed","sticky":false,"template":"","format":"standard","meta":{"sfsi_plus_gutenberg_text_before_share":"","sfsi_plus_gutenberg_show_text_before_share":"","sfsi_plus_gutenberg_icon_type":"","sfsi_plus_gutenberg_icon_alignemt":"","sfsi_plus_gutenburg_max_per_row":"","footnotes":""},"categories":[13],"tags":[],"class_list":["post-36955","post","type-post","status-publish","format-standard","has-post-thumbnail","hentry","category-esportes"],"_links":{"self":[{"href":"https:\/\/www.caririemacao.com\/1\/wp-json\/wp\/v2\/posts\/36955","targetHints":{"allow":["GET"]}}],"collection":[{"href":"https:\/\/www.caririemacao.com\/1\/wp-json\/wp\/v2\/posts"}],"about":[{"href":"https:\/\/www.caririemacao.com\/1\/wp-json\/wp\/v2\/types\/post"}],"author":[{"embeddable":true,"href":"https:\/\/www.caririemacao.com\/1\/wp-json\/wp\/v2\/users\/2"}],"replies":[{"embeddable":true,"href":"https:\/\/www.caririemacao.com\/1\/wp-json\/wp\/v2\/comments?post=36955"}],"version-history":[{"count":0,"href":"https:\/\/www.caririemacao.com\/1\/wp-json\/wp\/v2\/posts\/36955\/revisions"}],"wp:featuredmedia":[{"embeddable":true,"href":"https:\/\/www.caririemacao.com\/1\/wp-json\/wp\/v2\/media\/36956"}],"wp:attachment":[{"href":"https:\/\/www.caririemacao.com\/1\/wp-json\/wp\/v2\/media?parent=36955"}],"wp:term":[{"taxonomy":"category","embeddable":true,"href":"https:\/\/www.caririemacao.com\/1\/wp-json\/wp\/v2\/categories?post=36955"},{"taxonomy":"post_tag","embeddable":true,"href":"https:\/\/www.caririemacao.com\/1\/wp-json\/wp\/v2\/tags?post=36955"}],"curies":[{"name":"wp","href":"https:\/\/api.w.org\/{rel}","templated":true}]}}