{"id":36958,"date":"2018-01-10T20:33:50","date_gmt":"2018-01-10T23:33:50","guid":{"rendered":"http:\/\/caririemacao.com\/1\/?p=36958"},"modified":"2018-01-10T20:33:50","modified_gmt":"2018-01-10T23:33:50","slug":"trf2-nega-novo-recurso-de-cristiane-brasil-contra-liminar-que-impede-posse-no-ministerio-do-trabalho","status":"publish","type":"post","link":"https:\/\/www.caririemacao.com\/1\/2018\/01\/10\/trf2-nega-novo-recurso-de-cristiane-brasil-contra-liminar-que-impede-posse-no-ministerio-do-trabalho\/","title":{"rendered":"TRF2 nega novo recurso de Cristiane Brasil contra liminar que impede posse no Minist\u00e9rio do Trabalho"},"content":{"rendered":"<div class=\"mc-column content-text active-extra-styles active-capital-letter\" data-block-type=\"unstyled\" data-block-weight=\"45\" data-block-id=\"2\">\n<p class=\"content-text__container theme-color-primary-first-letter\" data-track-category=\"Link no Texto\" data-track-links=\"\">O juiz Vladimir Santos Vitovsky, do Tribunal Regional Federal da 2\u00aa Regi\u00e3o (TRF2), no Rio de Janeiro, negou na noite desta quarta-feira (10) um\u00a0novo recurso apresentado pela deputada federal Cristiane Brasil\u00a0(PTB) contra a liminar que a impede de assumir o Minist\u00e9rio do Trabalho.<\/p>\n<\/div>\n<div class=\"mc-column content-text active-extra-styles \" data-block-type=\"unstyled\" data-block-weight=\"25\" data-block-id=\"3\">\n<p class=\"content-text__container \" data-track-category=\"Link no Texto\" data-track-links=\"\">O magistrado manteve\u00a0decis\u00e3o da 1\u00aa inst\u00e2ncia, da 4\u00aa Vara Federal de Niter\u00f3i, que suspendeu provisoriamente na noite de segunda-feira (8) a posse da deputada.<\/p>\n<\/div>\n<div class=\"mc-column content-text active-extra-styles \" data-block-type=\"unstyled\" data-block-weight=\"57\" data-block-id=\"4\">\n<p class=\"content-text__container \" data-track-category=\"Link no Texto\" data-track-links=\"\">Nos termos da decis\u00e3o do TRF2, a liminar que suspende a posse &#8220;n\u00e3o tem o cond\u00e3o (capacidade) de acarretar risco de dano grave, de dif\u00edcil ou imposs\u00edvel repara\u00e7\u00e3o. Outrossim, \u00e9 prematuro afirmar estar demonstrada a probabilidade de provimento do recurso. Com efeito, a compet\u00eancia do Presidente para escolher e indicar seus ministros \u00e9 mat\u00e9ria eminentemente de m\u00e9rito&#8221;.<\/p>\n<\/div>\n<div class=\"mc-column content-text active-extra-styles \" data-block-type=\"unstyled\" data-block-weight=\"28\" data-block-id=\"5\">\n<p class=\"content-text__container \" data-track-category=\"Link no Texto\" data-track-links=\"\">Segundo informou o tribunal, &#8220;o relator do processo \u00e9 o desembargador federal Sergio Schwaitzer, da 7\u00aa Turma Especializada do TRF2, que ainda dever\u00e1 apreciar o m\u00e9rito dos agravos&#8221;.<\/p>\n<\/div>\n<div class=\"mc-column content-text active-extra-styles \" data-block-type=\"unstyled\" data-block-weight=\"40\" data-block-id=\"6\">\n<p class=\"content-text__container \" data-track-category=\"Link no Texto\" data-track-links=\"\">Cristiane Brasil j\u00e1 informou que pretende\u00a0recorrer ao Supremo Tribunal Federal (STF) por meio da Advocacia Geral da Uni\u00e3o (AGU). A declara\u00e7\u00e3o dela ocorreu no mesmo dia em que o pr\u00f3prio TRF2\u00a0indeferiu pedido da AGU de suspens\u00e3o da liminar.<\/p>\n<\/div>\n<div class=\"mc-column content-text active-extra-styles \" data-block-type=\"unstyled\" data-block-weight=\"29\" data-block-id=\"7\">\n<p class=\"content-text__container \" data-track-category=\"Link no Texto\" data-track-links=\"\">No recurso, os advogados da deputada argumentavam ser &#8220;ilegal e abusiva&#8221; a decis\u00e3o judicial, e diziam que a multa pecuni\u00e1ria imposta pelo ju\u00edzo, de R$ 500 mil, era &#8220;escorchante&#8221;.<\/p>\n<\/div>\n<div class=\"mc-column content-text active-extra-styles \" data-block-type=\"unstyled\" data-block-weight=\"20\" data-block-id=\"8\">\n<p class=\"content-text__container \" data-track-category=\"Link no Texto\" data-track-links=\"\">A defesa pedia ainda que o recurso fosse distribu\u00eddo para o desembargador Schwaitzer, mas o magistrado, atualmente, est\u00e1 de f\u00e9rias.<\/p>\n<\/div>\n<div class=\"mc-column content-text active-extra-styles\" data-block-type=\"raw\" data-block-weight=\"3\" data-block-id=\"9\">\n<div class=\"content-intertitle\">\n<h2><strong>Recurso no STF<\/strong><\/h2>\n<\/div>\n<\/div>\n<div class=\"mc-column content-text active-extra-styles \" data-block-type=\"unstyled\" data-block-weight=\"40\" data-block-id=\"10\">\n<p class=\"content-text__container \" data-track-category=\"Link no Texto\" data-track-links=\"\">Conforme publicado no blog da jornalista Andr\u00e9ia Sadi nesta quarta-feira, o presidente Michel Temer\u00a0aguardava a nova decis\u00e3o do TRF2\u00a0em rela\u00e7\u00e3o ao novo recurso de Cristiane Brasil antes de ingressar com um recurso\u00a0tamb\u00e9m no Supremo Tribunal Federal (STF).<\/p>\n<\/div>\n<div class=\"mc-column content-text active-extra-styles \" data-block-type=\"unstyled\" data-block-weight=\"30\" data-block-id=\"11\">\n<p class=\"content-text__container \" data-track-category=\"Link no Texto\" data-track-links=\"\">Para adiar a decis\u00e3o de recorrer ao STF, Temer avaliou com seus auxiliares dois cen\u00e1rios. O primeiro seria a presidente do Supremo, ministra Carmen L\u00facia, negar de imediato a posse.<\/p>\n<\/div>\n<div class=\"content-ads content-ads--reveal\" data-block-type=\"ads\" data-block-id=\"12\">\n<div id=\"banner_materia2\" class=\"tag-manager-publicidade-container has-reveal has-ad-lazyload tag-manager-publicidade-banner_materia2 tag-manager-publicidade-container--carregado tag-manager-publicidade-container--visivel\" data-id=\"banner_materia2\" data-google-query-id=\"CJXE9pTGztgCFRQ3hwodUbgIVA\" data-cid=\"138221315752\" data-lid=\"4533856064\"><\/div>\n<\/div>\n<div class=\"mc-column content-text active-extra-styles \" data-block-type=\"unstyled\" data-block-weight=\"39\" data-block-id=\"13\">\n<p class=\"content-text__container \" data-track-category=\"Link no Texto\" data-track-links=\"\">O segundo cen\u00e1rio, tamb\u00e9m motivo de preocupa\u00e7\u00e3o do governo, seria a magistrada submeter a decis\u00e3o ao plen\u00e1rio do ST, o que prorrogaria at\u00e9 fevereiro a indefini\u00e7\u00e3o sobre a situa\u00e7\u00e3o de Cristiane Brasil, j\u00e1 que o Judici\u00e1rio est\u00e1 em recesso.<\/p>\n<\/div>\n<div class=\"mc-column content-text active-extra-styles \" data-block-type=\"unstyled\" data-block-weight=\"11\" data-block-id=\"14\">\n<p class=\"content-text__container \" data-track-category=\"Link no Texto\" data-track-links=\"\">Nas palavras de um auxiliar, o presidente n\u00e3o quer &#8220;queimar etapas&#8221;.<\/p>\n<\/div>\n<div class=\"mc-column content-text active-extra-styles\" data-block-type=\"raw\" data-block-weight=\"1\" data-block-id=\"15\">\n<div class=\"content-intertitle\">\n<h2><strong>Condena\u00e7\u00e3o<\/strong><\/h2>\n<\/div>\n<\/div>\n<div class=\"mc-column content-text active-extra-styles \" data-block-type=\"unstyled\" data-block-weight=\"21\" data-block-id=\"16\">\n<p class=\"content-text__container \" data-track-category=\"Link no Texto\" data-track-links=\"\">A indica\u00e7\u00e3o do nome de Cristiane Brasil para ser ministra da Trabalho foi\u00a0aceita por Temer\u00a0no terceiro dia deste ano.<\/p>\n<\/div>\n<div class=\"mc-column content-text active-extra-styles \" data-block-type=\"unstyled\" data-block-weight=\"51\" data-block-id=\"17\">\n<p class=\"content-text__container \" data-track-category=\"Link no Texto\" data-track-links=\"\">O nome da deputada foi levado a Temer durante reuni\u00e3o no Pal\u00e1cio do Jaburu entre o presidente e o pai da deputada, o ex-deputado Roberto Jefferson, presidente nacional do partido e condenado pelo Supremo Tribunal Federal no julgamento do mensal\u00e3o \u2013 em mar\u00e7o de 2016, ele obteve o perd\u00e3o da pena.<\/p>\n<\/div>\n<div class=\"mc-column content-text active-extra-styles \" data-block-type=\"unstyled\" data-block-weight=\"49\" data-block-id=\"18\">\n<p class=\"content-text__container \" data-track-category=\"Link no Texto\" data-track-links=\"\">No dia seguinte, a TV Globo revelou que\u00a0Cristiane Brasil foi condenada em 2016 a pagar uma d\u00edvida trabalhista de R$ 60mil a um motorista que prestava servi\u00e7os para ela e para sua fam\u00edlia, conforme decis\u00e3o do Tribunal Regional do Trabalho da 1\u00aa Regi\u00e3o (TRT1) confirmada em segunda inst\u00e2ncia.<\/p>\n<\/div>\n<div class=\"mc-column content-text active-extra-styles \" data-block-type=\"unstyled\" data-block-weight=\"32\" data-block-id=\"19\">\n<p class=\"content-text__container \" data-track-category=\"Link no Texto\" data-track-links=\"\">De acordo com o ju\u00edzo, o funcion\u00e1rio n\u00e3o teve a Carteira de Trabalho assinada e, por isso, deveria ter ganho de causa para receber gratifica\u00e7\u00f5es como f\u00e9rias, aviso pr\u00e9vio e gratifica\u00e7\u00f5es natalinas.<\/p>\n<\/div>\n<div data-track-category=\"fim do conteudo\" data-track-action=\"ultimo chunk conteudo\" data-track-noninteraction=\"false\" data-track-scroll=\"entrada completa viewport\">\n<div class=\"mc-column content-text active-extra-styles \" data-block-type=\"unstyled\" data-block-weight=\"25\" data-block-id=\"20\">\n<p class=\"content-text__container \" data-track-category=\"Link no Texto\" data-track-links=\"\">A carga hor\u00e1ria do funcion\u00e1rio era de cerca de 15h por dia, de acordo com o juiz Pedro Figueiredo Waib, que condenou em primeira inst\u00e2ncia.<\/p>\n<p><strong>CARIRI EM A\u00c7\u00c3O<\/strong><\/p>\n<p><em>Com G1 \/Foto:\u00a0Wilson Dias<\/em><\/p>\n<p><strong>Leia mais not\u00edcias em\u00a0<\/strong><a href=\"http:\/\/www.caririemacao.com\/\"><strong>caririemacao.com<\/strong><\/a><strong>, siga nossa p\u00e1gina no\u00a0<\/strong><a href=\"https:\/\/www.facebook.com\/CaririEmAcao\/?ref=aymt_homepage_panel\"><strong>Facebook<\/strong><\/a>,<strong>\u00a0<\/strong><a href=\"https:\/\/www.instagram.com\/cariri_em_acao\/?hl=pt-br\"><strong>Instagram<\/strong><\/a><strong>\u00a0e\u00a0<\/strong><a href=\"https:\/\/www.youtube.com\/channel\/UCAptA0jQuYQy8vMhLt2m4qg\"><strong>Youtube<\/strong><\/a><strong>\u00a0e veja nossas mat\u00e9rias, v\u00eddeos e fotos. Voc\u00ea tamb\u00e9m pode enviar informa\u00e7\u00f5es \u00e0 Reda\u00e7\u00e3o do Portal Cariri em A\u00e7\u00e3o pelo WhatsApp (83) 9 9634.5791, (83) 9 9601-1162.<\/strong><\/p>\n<\/div>\n<\/div>\n","protected":false},"excerpt":{"rendered":"<p>O juiz Vladimir Santos Vitovsky, do Tribunal Regional Federal da 2\u00aa Regi\u00e3o (TRF2), no Rio de Janeiro, negou na noite desta quarta-feira (10) um\u00a0novo recurso&hellip; <\/p>\n","protected":false},"author":2,"featured_media":36959,"comment_status":"closed","ping_status":"closed","sticky":false,"template":"","format":"standard","meta":{"sfsi_plus_gutenberg_text_before_share":"","sfsi_plus_gutenberg_show_text_before_share":"","sfsi_plus_gutenberg_icon_type":"","sfsi_plus_gutenberg_icon_alignemt":"","sfsi_plus_gutenburg_max_per_row":"","footnotes":""},"categories":[11],"tags":[],"class_list":["post-36958","post","type-post","status-publish","format-standard","has-post-thumbnail","hentry","category-politica"],"_links":{"self":[{"href":"https:\/\/www.caririemacao.com\/1\/wp-json\/wp\/v2\/posts\/36958","targetHints":{"allow":["GET"]}}],"collection":[{"href":"https:\/\/www.caririemacao.com\/1\/wp-json\/wp\/v2\/posts"}],"about":[{"href":"https:\/\/www.caririemacao.com\/1\/wp-json\/wp\/v2\/types\/post"}],"author":[{"embeddable":true,"href":"https:\/\/www.caririemacao.com\/1\/wp-json\/wp\/v2\/users\/2"}],"replies":[{"embeddable":true,"href":"https:\/\/www.caririemacao.com\/1\/wp-json\/wp\/v2\/comments?post=36958"}],"version-history":[{"count":0,"href":"https:\/\/www.caririemacao.com\/1\/wp-json\/wp\/v2\/posts\/36958\/revisions"}],"wp:featuredmedia":[{"embeddable":true,"href":"https:\/\/www.caririemacao.com\/1\/wp-json\/wp\/v2\/media\/36959"}],"wp:attachment":[{"href":"https:\/\/www.caririemacao.com\/1\/wp-json\/wp\/v2\/media?parent=36958"}],"wp:term":[{"taxonomy":"category","embeddable":true,"href":"https:\/\/www.caririemacao.com\/1\/wp-json\/wp\/v2\/categories?post=36958"},{"taxonomy":"post_tag","embeddable":true,"href":"https:\/\/www.caririemacao.com\/1\/wp-json\/wp\/v2\/tags?post=36958"}],"curies":[{"name":"wp","href":"https:\/\/api.w.org\/{rel}","templated":true}]}}