{"id":36962,"date":"2018-01-10T20:41:54","date_gmt":"2018-01-10T23:41:54","guid":{"rendered":"http:\/\/caririemacao.com\/1\/?p=36962"},"modified":"2018-01-10T20:41:54","modified_gmt":"2018-01-10T23:41:54","slug":"em-sp-temer-avaliara-com-medico-se-tem-condicoes-de-ir-no-fim-do-mes-ao-forum-mundial-de-davos","status":"publish","type":"post","link":"https:\/\/www.caririemacao.com\/1\/2018\/01\/10\/em-sp-temer-avaliara-com-medico-se-tem-condicoes-de-ir-no-fim-do-mes-ao-forum-mundial-de-davos\/","title":{"rendered":"Em SP, Temer avaliar\u00e1 com m\u00e9dico se tem condi\u00e7\u00f5es de ir no fim do m\u00eas ao F\u00f3rum Mundial de Davos"},"content":{"rendered":"<article>\n<div class=\"mc-column content-text active-extra-styles active-capital-letter\" data-block-type=\"unstyled\" data-block-weight=\"41\" data-block-id=\"1\">\n<p class=\"content-text__container theme-color-primary-first-letter\" data-track-category=\"Link no Texto\" data-track-links=\"\">O presidente Michel Temer quer garantir nesta quinta-feira (11), em seu retorno m\u00e9dico ao consult\u00f3rio do urologista Miguel Srougi, que sua sa\u00fade est\u00e1 melhor e permitir\u00e1 que ele participe do F\u00f3rum Econ\u00f4mico Mundial de Davos, na Su\u00ed\u00e7a, no final do m\u00eas.<\/p>\n<\/div>\n<div class=\"mc-column content-text active-extra-styles \" data-block-type=\"unstyled\" data-block-weight=\"29\" data-block-id=\"2\">\n<p class=\"content-text__container \" data-track-category=\"Link no Texto\" data-track-links=\"\">Segundo assessores, o presidente at\u00e9 j\u00e1 confirmou a viagem internacional, na qual ele quer aproveitar para divulgar os bons n\u00fameros da economia brasileira e atrair investimentos para o pa\u00eds.<\/p>\n<\/div>\n<div class=\"mc-column content-text active-extra-styles \" data-block-type=\"unstyled\" data-block-weight=\"19\" data-block-id=\"3\">\n<p class=\"content-text__container \" data-track-category=\"Link no Texto\" data-track-links=\"\">Al\u00e9m de cumprir a agenda normal do evento, o Pal\u00e1cio do Planalto est\u00e1 marcando encontros paralelos com empres\u00e1rios estrangeiros.<\/p>\n<\/div>\n<div class=\"mc-column content-text active-extra-styles \" data-block-type=\"unstyled\" data-block-weight=\"24\" data-block-id=\"4\">\n<p class=\"content-text__container \" data-track-category=\"Link no Texto\" data-track-links=\"\">Objetivo: discutir coportunidades de investimentos no Brasil, principalmente, a partir do programa de concess\u00f5es de servi\u00e7os p\u00fablicos ao setor privado lan\u00e7ado no ano passado.<\/p>\n<\/div>\n<div class=\"mc-column content-text active-extra-styles \" data-block-type=\"unstyled\" data-block-weight=\"50\" data-block-id=\"5\">\n<p class=\"content-text__container \" data-track-category=\"Link no Texto\" data-track-links=\"\">O presidente viajar\u00e1 acompanhado dos ministros Henrique Meirelles (Fazenda) e Moreira Franco (Secretaria-Geral). Eles v\u00e3o levar os \u00faltimos dados da economia brasileira: infla\u00e7\u00e3o fechando 2017\u00a0abaixo do piso da meta, juros abaixo de dois d\u00edgitos e no menor patamar hist\u00f3rico e pa\u00eds saindo da recess\u00e3o, podendo crescer 3% em 2018.<\/p>\n<\/div>\n<div class=\"mc-column content-text active-extra-styles \" data-block-type=\"unstyled\" data-block-weight=\"30\" data-block-id=\"6\">\n<p class=\"content-text__container \" data-track-category=\"Link no Texto\" data-track-links=\"\">No entanto, Temer e sua comitiva devem ser questionados por economistas sobre a crise fiscal brasileira, que ainda n\u00e3o foi equacionada e depende da aprova\u00e7\u00e3o da reforma da Previd\u00eancia Social.<\/p>\n<\/div>\n<div class=\"mc-column content-text active-extra-styles \" data-block-type=\"unstyled\" data-block-weight=\"55\" data-block-id=\"7\">\n<p class=\"content-text__container \" data-track-category=\"Link no Texto\" data-track-links=\"\">Em sua ida a S\u00e3o Paulo nesta quinta para a consulta de retorno com Miguel Srougi, ser\u00e1 avaliada a recupera\u00e7\u00e3o dos problemas na pr\u00f3stata e nas vias urin\u00e1rias do presidente da Rep\u00fablica. A equipe de Temer classifica de \u201cboa\u201d a recupera\u00e7\u00e3o do peemedebista, o que pode permitir que ele v\u00e1 para o F\u00f3rum de Davos.<\/p>\n<\/div>\n<div class=\"mc-column content-text active-extra-styles \" data-block-type=\"unstyled\" data-block-weight=\"51\" data-block-id=\"8\">\n<p class=\"content-text__container \" data-track-category=\"Link no Texto\" data-track-links=\"\">Assessores do presidente destacaram que ser\u00e1 uma ida ao consult\u00f3rio de seu m\u00e9dico, n\u00e3o uma passagem pelo hospital para exames e interven\u00e7\u00f5es, como ocorreu no ano passado, quando chegou a fazer dois procedimentos cir\u00fargicos na pr\u00f3stata e usou uma sonda urin\u00e1ria, al\u00e9m de colocar tr\u00eas stents em tr\u00eas art\u00e9rias do cora\u00e7\u00e3o.<\/p>\n<\/div>\n<div data-track-category=\"fim do conteudo\" data-track-action=\"ultimo chunk conteudo\" data-track-noninteraction=\"false\" data-track-scroll=\"entrada completa viewport\">\n<div class=\"mc-column content-text active-extra-styles \" data-block-type=\"unstyled\" data-block-weight=\"27\" data-block-id=\"9\">\n<p class=\"content-text__container \" data-track-category=\"Link no Texto\" data-track-links=\"\">Al\u00e9m da consulta m\u00e9dica, Temer tamb\u00e9m ir\u00e1 se reunir na capital paulista com o advogado criminalista Ant\u00f4nio Cl\u00e1udio Mariz de Oliveira, amigo e conselheiro jur\u00eddico do presidente.<\/p>\n<p><strong>CARIRI EM A\u00c7\u00c3O<\/strong><\/p>\n<p><em>Com G1<\/em><em>\u00a0\/Foto: Reprodu\u00e7\u00e3o google<\/em><\/p>\n<p><strong>Leia mais not\u00edcias em\u00a0<\/strong><a href=\"http:\/\/www.caririemacao.com\/\"><strong>caririemacao.com<\/strong><\/a><strong>, siga nossa p\u00e1gina no\u00a0<\/strong><a href=\"https:\/\/www.facebook.com\/CaririEmAcao\/?ref=aymt_homepage_panel\"><strong>Facebook<\/strong><\/a>,<strong>\u00a0<\/strong><a href=\"https:\/\/www.instagram.com\/cariri_em_acao\/?hl=pt-br\"><strong>Instagram<\/strong><\/a><strong>\u00a0e\u00a0<\/strong><a href=\"https:\/\/www.youtube.com\/channel\/UCAptA0jQuYQy8vMhLt2m4qg\"><strong>Youtube<\/strong><\/a><strong>\u00a0e veja nossas mat\u00e9rias, v\u00eddeos e fotos. Voc\u00ea tamb\u00e9m pode enviar informa\u00e7\u00f5es \u00e0 Reda\u00e7\u00e3o do Portal Cariri em A\u00e7\u00e3o pelo WhatsApp (83) 9 9634.5791, (83) 9 9601-1162.<\/strong><\/p>\n<\/div>\n<\/div>\n<\/article>\n<div class=\"mc-column entities\"><\/div>\n","protected":false},"excerpt":{"rendered":"<p>O presidente Michel Temer quer garantir nesta quinta-feira (11), em seu retorno m\u00e9dico ao consult\u00f3rio do urologista Miguel Srougi, que sua sa\u00fade est\u00e1 melhor e&hellip; <\/p>\n","protected":false},"author":2,"featured_media":36963,"comment_status":"closed","ping_status":"closed","sticky":false,"template":"","format":"standard","meta":{"sfsi_plus_gutenberg_text_before_share":"","sfsi_plus_gutenberg_show_text_before_share":"","sfsi_plus_gutenberg_icon_type":"","sfsi_plus_gutenberg_icon_alignemt":"","sfsi_plus_gutenburg_max_per_row":"","footnotes":""},"categories":[11],"tags":[],"class_list":["post-36962","post","type-post","status-publish","format-standard","has-post-thumbnail","hentry","category-politica"],"_links":{"self":[{"href":"https:\/\/www.caririemacao.com\/1\/wp-json\/wp\/v2\/posts\/36962","targetHints":{"allow":["GET"]}}],"collection":[{"href":"https:\/\/www.caririemacao.com\/1\/wp-json\/wp\/v2\/posts"}],"about":[{"href":"https:\/\/www.caririemacao.com\/1\/wp-json\/wp\/v2\/types\/post"}],"author":[{"embeddable":true,"href":"https:\/\/www.caririemacao.com\/1\/wp-json\/wp\/v2\/users\/2"}],"replies":[{"embeddable":true,"href":"https:\/\/www.caririemacao.com\/1\/wp-json\/wp\/v2\/comments?post=36962"}],"version-history":[{"count":0,"href":"https:\/\/www.caririemacao.com\/1\/wp-json\/wp\/v2\/posts\/36962\/revisions"}],"wp:featuredmedia":[{"embeddable":true,"href":"https:\/\/www.caririemacao.com\/1\/wp-json\/wp\/v2\/media\/36963"}],"wp:attachment":[{"href":"https:\/\/www.caririemacao.com\/1\/wp-json\/wp\/v2\/media?parent=36962"}],"wp:term":[{"taxonomy":"category","embeddable":true,"href":"https:\/\/www.caririemacao.com\/1\/wp-json\/wp\/v2\/categories?post=36962"},{"taxonomy":"post_tag","embeddable":true,"href":"https:\/\/www.caririemacao.com\/1\/wp-json\/wp\/v2\/tags?post=36962"}],"curies":[{"name":"wp","href":"https:\/\/api.w.org\/{rel}","templated":true}]}}