{"id":36965,"date":"2018-01-10T20:50:27","date_gmt":"2018-01-10T23:50:27","guid":{"rendered":"http:\/\/caririemacao.com\/1\/?p=36965"},"modified":"2018-01-10T20:50:27","modified_gmt":"2018-01-10T23:50:27","slug":"joao-azevedo-afirma-que-eixo-leste-da-transposicao-vai-operar-com-duas-bombas-a-partir-do-dia-15","status":"publish","type":"post","link":"https:\/\/www.caririemacao.com\/1\/2018\/01\/10\/joao-azevedo-afirma-que-eixo-leste-da-transposicao-vai-operar-com-duas-bombas-a-partir-do-dia-15\/","title":{"rendered":"Jo\u00e3o Azevedo afirma que eixo leste da transposi\u00e7\u00e3o vai operar com duas bombas a partir do dia 15"},"content":{"rendered":"<p>O secret\u00e1rio de Recursos H\u00eddricos, Jo\u00e3o Azev\u00eado (PSB), disse, nesta quarta-feira (10), que a partir do dia 15 de janeiro, o eixo leste da transposi\u00e7\u00e3o, que d\u00e1 vaz\u00e3o ao a\u00e7ude Epit\u00e1cio Pessoa, conhecido como a\u00e7ude de Boqueir\u00e3o, no Cariri paraibano, vai passar a operar com as duas bombas. A informa\u00e7\u00e3o, segundo ele, \u00e9 do Minist\u00e9rio da Integra\u00e7\u00e3o. O sistema est\u00e1 operando atualmente com apenas uma bomba.<\/p>\n<p>\u201cEntrar\u00e1 em opera\u00e7\u00e3o a segunda bomba, far\u00e1 com que a vaz\u00e3o que chega em Monteiro seja praticamente dobrada. O governador Ricardo Coutinho, inclusive, assinou um of\u00edcio encaminhado ao Minist\u00e9rio da Integra\u00e7\u00e3o, pedindo que essa data fosse antecipada, para que a gente pudesse j\u00e1 come\u00e7ar a planejar soltar a \u00e1gua de Boqueir\u00e3o em dire\u00e7\u00e3o a Acau\u00e3, que \u00e9 outro trecho importante, que precisa tamb\u00e9m receber \u00e1gua\u201d, explicou Jo\u00e3o Azev\u00eado.<\/p>\n<p>Ricardo Coutinho e Paulo C\u00e2mara, governador de Pernambuco, assinam ordem de servi\u00e7o de adutora<\/p>\n<p>Acau\u00e3 abastece o Vale do Para\u00edba, com cidades como Itabaiana, Salgado de S\u00e3o F\u00e9lix, Juarez T\u00e1vora, Juripiranga, entre outros munic\u00edpios que recebem as \u00e1guas do rio Para\u00edba, que v\u00eam da barragem de Acau\u00e3.<\/p>\n<p>Jo\u00e3o Azevedo antecipou que nos pr\u00f3ximos dias, o governador participa da autoriza\u00e7\u00e3o da adutora de Emas, na regi\u00e3o do Vale do Pianc\u00f3. E que nesta sexta-feira (12), Ricardo deve assinar ordem de servi\u00e7o para uma adutora, juntamente com o governador de Pernambuco.<\/p>\n<p><strong>CARIRI EM A\u00c7\u00c3O<\/strong><\/p>\n<p><em>Com ClikPB \/Foto:\u00a0Walla Santos<\/em><\/p>\n<p><strong>Leia mais not\u00edcias em\u00a0<\/strong><a href=\"http:\/\/www.caririemacao.com\/\"><strong>caririemacao.com<\/strong><\/a><strong>, siga nossa p\u00e1gina no\u00a0<\/strong><a href=\"https:\/\/www.facebook.com\/CaririEmAcao\/?ref=aymt_homepage_panel\"><strong>Facebook<\/strong><\/a>,<strong>\u00a0<\/strong><a href=\"https:\/\/www.instagram.com\/cariri_em_acao\/?hl=pt-br\"><strong>Instagram<\/strong><\/a><strong>\u00a0e\u00a0<\/strong><a href=\"https:\/\/www.youtube.com\/channel\/UCAptA0jQuYQy8vMhLt2m4qg\"><strong>Youtube<\/strong><\/a><strong>\u00a0e veja nossas mat\u00e9rias, v\u00eddeos e fotos. Voc\u00ea tamb\u00e9m pode enviar informa\u00e7\u00f5es \u00e0 Reda\u00e7\u00e3o do Portal Cariri em A\u00e7\u00e3o pelo WhatsApp (83) 9 9634.5791, (83) 9 9601-1162.<\/strong><\/p>\n","protected":false},"excerpt":{"rendered":"<p>O secret\u00e1rio de Recursos H\u00eddricos, Jo\u00e3o Azev\u00eado (PSB), disse, nesta quarta-feira (10), que a partir do dia 15 de janeiro, o eixo leste da transposi\u00e7\u00e3o,&hellip; <\/p>\n","protected":false},"author":2,"featured_media":36966,"comment_status":"closed","ping_status":"closed","sticky":false,"template":"","format":"standard","meta":{"sfsi_plus_gutenberg_text_before_share":"","sfsi_plus_gutenberg_show_text_before_share":"","sfsi_plus_gutenberg_icon_type":"","sfsi_plus_gutenberg_icon_alignemt":"","sfsi_plus_gutenburg_max_per_row":"","footnotes":""},"categories":[2],"tags":[],"class_list":["post-36965","post","type-post","status-publish","format-standard","has-post-thumbnail","hentry","category-geral"],"_links":{"self":[{"href":"https:\/\/www.caririemacao.com\/1\/wp-json\/wp\/v2\/posts\/36965","targetHints":{"allow":["GET"]}}],"collection":[{"href":"https:\/\/www.caririemacao.com\/1\/wp-json\/wp\/v2\/posts"}],"about":[{"href":"https:\/\/www.caririemacao.com\/1\/wp-json\/wp\/v2\/types\/post"}],"author":[{"embeddable":true,"href":"https:\/\/www.caririemacao.com\/1\/wp-json\/wp\/v2\/users\/2"}],"replies":[{"embeddable":true,"href":"https:\/\/www.caririemacao.com\/1\/wp-json\/wp\/v2\/comments?post=36965"}],"version-history":[{"count":0,"href":"https:\/\/www.caririemacao.com\/1\/wp-json\/wp\/v2\/posts\/36965\/revisions"}],"wp:featuredmedia":[{"embeddable":true,"href":"https:\/\/www.caririemacao.com\/1\/wp-json\/wp\/v2\/media\/36966"}],"wp:attachment":[{"href":"https:\/\/www.caririemacao.com\/1\/wp-json\/wp\/v2\/media?parent=36965"}],"wp:term":[{"taxonomy":"category","embeddable":true,"href":"https:\/\/www.caririemacao.com\/1\/wp-json\/wp\/v2\/categories?post=36965"},{"taxonomy":"post_tag","embeddable":true,"href":"https:\/\/www.caririemacao.com\/1\/wp-json\/wp\/v2\/tags?post=36965"}],"curies":[{"name":"wp","href":"https:\/\/api.w.org\/{rel}","templated":true}]}}