{"id":36970,"date":"2018-01-10T21:11:14","date_gmt":"2018-01-11T00:11:14","guid":{"rendered":"http:\/\/caririemacao.com\/1\/?p=36970"},"modified":"2018-01-10T21:11:14","modified_gmt":"2018-01-11T00:11:14","slug":"sistema-de-informacoes-de-seguranca-publica-tera-indice-de-elucidacao-de-crimes","status":"publish","type":"post","link":"https:\/\/www.caririemacao.com\/1\/2018\/01\/10\/sistema-de-informacoes-de-seguranca-publica-tera-indice-de-elucidacao-de-crimes\/","title":{"rendered":"Sistema de Informa\u00e7\u00f5es de Seguran\u00e7a P\u00fablica ter\u00e1 \u00edndice de elucida\u00e7\u00e3o de crimes"},"content":{"rendered":"<p>Foi sancionada e publicada no\u00a0<i>Di\u00e1rio Oficial da Uni\u00e3o\u00a0<\/i>a Lei\u00a013.604\/2018, que muda a legisla\u00e7\u00e3o sobre o\u00a0Sistema Nacional de Informa\u00e7\u00f5es de Seguran\u00e7a P\u00fablica, Prisionais e sobre Drogas (Sinesp)\u00a0para determinar que os estados e o Distrito Federal encaminhem ao banco de dados os \u00edndices de elucida\u00e7\u00e3o de crimes.<\/p>\n<p>A lei \u00e9 decorrente do Projeto de Lei da C\u00e2mara\u00a0(PLC) 35\/2015, aprovado no Senado em dezembro de 2017. O PLC foi relatado pela senadora Simone Tebet (PMDB-MS) e fez parte de um pacote de projetos sobre seguran\u00e7a p\u00fablica aprovados no Senado.<\/p>\n<p>Pelo texto, a inclus\u00e3o dos dados deve ser feita de forma padronizada e categorizada. As informa\u00e7\u00f5es do Sinesp ainda ter\u00e3o que ser divulgada pelas internet. Estados como S\u00e3o Paulo e Rio de Janeiro, este \u00faltimo por meio do Instituto de Seguran\u00e7a P\u00fablica, j\u00e1 fazem isso.<\/p>\n<p>Sistema<\/p>\n<p>O Sinesp \u00e9 uma das ferramentas usadas para a coleta de dados sobre seguran\u00e7a p\u00fablica, gerando informa\u00e7\u00f5es para a condu\u00e7\u00e3o de pol\u00edticas do setor. De acordo com a lei que instituiu o Sinesp (Lei\u00a012.681\/2012), j\u00e1 constam no Sistema informa\u00e7\u00f5es sobre ocorr\u00eancias criminais registradas, registro de armas, entrada e sa\u00edda de estrangeiros, pessoas desaparecidas, execu\u00e7\u00e3o penal e sistema prisional, recursos humanos e materiais dos \u00f3rg\u00e3os e entidades de seguran\u00e7a p\u00fablica, condena\u00e7\u00f5es, penas e mandados de pris\u00e3o, al\u00e9m da repress\u00e3o \u00e0s drogas.<\/p>\n<p>O autor do projeto, deputado Pedro Paulo (PMDB-RJ), argumenta que a an\u00e1lise das estat\u00edsticas criminais \u00e9 fundamental para a gest\u00e3o da seguran\u00e7a p\u00fablica e que a omiss\u00e3o desses dados, mesmo que por categoriza\u00e7\u00e3o divergente, compromete as a\u00e7\u00f5es de combate \u00e0 viol\u00eancia. O deputado ressalta que a taxa de elucida\u00e7\u00e3o de crimes \u00e9, talvez, o \u00fanico indicador da efici\u00eancia da pol\u00edcia.<\/p>\n<p><strong>CARIRI EM A\u00c7\u00c3O<\/strong><\/p>\n<p><em>Com Ag\u00eancia Senado<\/em><em>\u00a0\/Foto:\u00a0Pedro Fran\u00e7a<\/em><\/p>\n<p><strong>Leia mais not\u00edcias em\u00a0<\/strong><a href=\"http:\/\/www.caririemacao.com\/\"><strong>caririemacao.com<\/strong><\/a><strong>, siga nossa p\u00e1gina no\u00a0<\/strong><a href=\"https:\/\/www.facebook.com\/CaririEmAcao\/?ref=aymt_homepage_panel\"><strong>Facebook<\/strong><\/a>,<strong>\u00a0<\/strong><a href=\"https:\/\/www.instagram.com\/cariri_em_acao\/?hl=pt-br\"><strong>Instagram<\/strong><\/a><strong>\u00a0e\u00a0<\/strong><a href=\"https:\/\/www.youtube.com\/channel\/UCAptA0jQuYQy8vMhLt2m4qg\"><strong>Youtube<\/strong><\/a><strong>\u00a0e veja nossas mat\u00e9rias, v\u00eddeos e fotos. Voc\u00ea tamb\u00e9m pode enviar informa\u00e7\u00f5es \u00e0 Reda\u00e7\u00e3o do Portal Cariri em A\u00e7\u00e3o pelo WhatsApp (83) 9 9634.5791, (83) 9 9601-1162.<\/strong><\/p>\n","protected":false},"excerpt":{"rendered":"<p>Foi sancionada e publicada no\u00a0Di\u00e1rio Oficial da Uni\u00e3o\u00a0a Lei\u00a013.604\/2018, que muda a legisla\u00e7\u00e3o sobre o\u00a0Sistema Nacional de Informa\u00e7\u00f5es de Seguran\u00e7a P\u00fablica, Prisionais e sobre Drogas&hellip; <\/p>\n","protected":false},"author":2,"featured_media":36971,"comment_status":"closed","ping_status":"closed","sticky":false,"template":"","format":"standard","meta":{"sfsi_plus_gutenberg_text_before_share":"","sfsi_plus_gutenberg_show_text_before_share":"","sfsi_plus_gutenberg_icon_type":"","sfsi_plus_gutenberg_icon_alignemt":"","sfsi_plus_gutenburg_max_per_row":"","footnotes":""},"categories":[2],"tags":[],"class_list":["post-36970","post","type-post","status-publish","format-standard","has-post-thumbnail","hentry","category-geral"],"_links":{"self":[{"href":"https:\/\/www.caririemacao.com\/1\/wp-json\/wp\/v2\/posts\/36970","targetHints":{"allow":["GET"]}}],"collection":[{"href":"https:\/\/www.caririemacao.com\/1\/wp-json\/wp\/v2\/posts"}],"about":[{"href":"https:\/\/www.caririemacao.com\/1\/wp-json\/wp\/v2\/types\/post"}],"author":[{"embeddable":true,"href":"https:\/\/www.caririemacao.com\/1\/wp-json\/wp\/v2\/users\/2"}],"replies":[{"embeddable":true,"href":"https:\/\/www.caririemacao.com\/1\/wp-json\/wp\/v2\/comments?post=36970"}],"version-history":[{"count":0,"href":"https:\/\/www.caririemacao.com\/1\/wp-json\/wp\/v2\/posts\/36970\/revisions"}],"wp:featuredmedia":[{"embeddable":true,"href":"https:\/\/www.caririemacao.com\/1\/wp-json\/wp\/v2\/media\/36971"}],"wp:attachment":[{"href":"https:\/\/www.caririemacao.com\/1\/wp-json\/wp\/v2\/media?parent=36970"}],"wp:term":[{"taxonomy":"category","embeddable":true,"href":"https:\/\/www.caririemacao.com\/1\/wp-json\/wp\/v2\/categories?post=36970"},{"taxonomy":"post_tag","embeddable":true,"href":"https:\/\/www.caririemacao.com\/1\/wp-json\/wp\/v2\/tags?post=36970"}],"curies":[{"name":"wp","href":"https:\/\/api.w.org\/{rel}","templated":true}]}}