{"id":36973,"date":"2018-01-10T21:36:49","date_gmt":"2018-01-11T00:36:49","guid":{"rendered":"http:\/\/caririemacao.com\/1\/?p=36973"},"modified":"2018-01-10T21:40:20","modified_gmt":"2018-01-11T00:40:20","slug":"ministerio-publico-estuda-novo-pedido-de-prisao-de-berg-lima","status":"publish","type":"post","link":"https:\/\/www.caririemacao.com\/1\/2018\/01\/10\/ministerio-publico-estuda-novo-pedido-de-prisao-de-berg-lima\/","title":{"rendered":"Minist\u00e9rio P\u00fablico estuda novo pedido de pris\u00e3o de Berg Lima"},"content":{"rendered":"<div>O Minist\u00e9rio P\u00fablico estuda um novo pedido de pris\u00e3o para o prefeito afastado de Bayeux, Berg Lima. A informa\u00e7\u00e3o foi dada pelo procurador-geral de Justi\u00e7a,Francisco Ser\u00e1phico da N\u00f3brega Filho, ao comentar o novo v\u00eddeo onde Berg Lima aparece recebendo suposta propina do empres\u00e1rio Jo\u00e3o Paulino, que teria gravado o v\u00eddeo no dia 30 de junho.<\/div>\n<div><\/div>\n<div>Segundo o procurador, o conte\u00fado do v\u00eddeo j\u00e1 havia sido alvo da den\u00fancia apresentada pelo Minist\u00e9rio P\u00fablico em julho do ano passado.<\/div>\n<div><\/div>\n<div>\u201cPara o Minist\u00e9rio P\u00fablico n\u00e3o h\u00e1 fato novo, j\u00e1 hav\u00edamos defendido essa tese na apresenta\u00e7\u00e3o da den\u00fancia, e agora vamos estudar um novo pedido de pris\u00e3o, que pode ser feito a qualquer tempo\u201d,disse o procurador ao Portal Correio.<\/div>\n<div><\/div>\n<div>O procurador Ser\u00e1phico Filho disse que apesar de o Minist\u00e9rio P\u00fablico ter como interferir no processo que tramitou na C\u00e2mara Municipal de Bayeux, o v\u00eddeo divulgado ontem (9) pode provocar um novo desdobramento com a retomada do caso.<\/div>\n<div><\/div>\n<div>Ainda segundo o procurador, qualquer cidad\u00e3o pode acionar o gestor na Justi\u00e7a.<\/div>\n<div><\/div>\n<div>Defesa\u00a0&#8211; Respons\u00e1vel pela defesa de Berg Lima, o advogado Raoni Vita questionou a legitimidade do v\u00eddeo que mostra o prefeito afastado recebendo \u00a0suposta propina. Raoni Vita disse, inclusive, que vai questionar vai pedir uma per\u00edcia do v\u00eddeo para checar sua veracidade.<\/div>\n<div>\n<p><strong>CARIRI EM A\u00c7\u00c3O<\/strong><\/p>\n<p><em>Com Portal Correio\/Foto: Reprodu\u00e7\u00e3o google<\/em><\/p>\n<p><strong>Leia mais not\u00edcias em\u00a0<\/strong><a href=\"http:\/\/www.caririemacao.com\/\"><strong>caririemacao.com<\/strong><\/a><strong>, siga nossa p\u00e1gina no\u00a0<\/strong><a href=\"https:\/\/www.facebook.com\/CaririEmAcao\/?ref=aymt_homepage_panel\"><strong>Facebook<\/strong><\/a>,<strong>\u00a0<\/strong><a href=\"https:\/\/www.instagram.com\/cariri_em_acao\/?hl=pt-br\"><strong>Instagram<\/strong><\/a><strong>\u00a0e\u00a0<\/strong><a href=\"https:\/\/www.youtube.com\/channel\/UCAptA0jQuYQy8vMhLt2m4qg\"><strong>Youtube<\/strong><\/a><strong>\u00a0e veja nossas mat\u00e9rias, v\u00eddeos e fotos. Voc\u00ea tamb\u00e9m pode enviar informa\u00e7\u00f5es \u00e0 Reda\u00e7\u00e3o do Portal Cariri em A\u00e7\u00e3o pelo WhatsApp (83) 9 9634.5791, (83) 9 9601-1162.<\/strong><\/p>\n<\/div>\n","protected":false},"excerpt":{"rendered":"<p>O Minist\u00e9rio P\u00fablico estuda um novo pedido de pris\u00e3o para o prefeito afastado de Bayeux, Berg Lima. A informa\u00e7\u00e3o foi dada pelo procurador-geral de Justi\u00e7a,Francisco&hellip; <\/p>\n","protected":false},"author":2,"featured_media":36976,"comment_status":"closed","ping_status":"closed","sticky":false,"template":"","format":"standard","meta":{"sfsi_plus_gutenberg_text_before_share":"","sfsi_plus_gutenberg_show_text_before_share":"","sfsi_plus_gutenberg_icon_type":"","sfsi_plus_gutenberg_icon_alignemt":"","sfsi_plus_gutenburg_max_per_row":"","footnotes":""},"categories":[11],"tags":[],"class_list":["post-36973","post","type-post","status-publish","format-standard","has-post-thumbnail","hentry","category-politica"],"_links":{"self":[{"href":"https:\/\/www.caririemacao.com\/1\/wp-json\/wp\/v2\/posts\/36973","targetHints":{"allow":["GET"]}}],"collection":[{"href":"https:\/\/www.caririemacao.com\/1\/wp-json\/wp\/v2\/posts"}],"about":[{"href":"https:\/\/www.caririemacao.com\/1\/wp-json\/wp\/v2\/types\/post"}],"author":[{"embeddable":true,"href":"https:\/\/www.caririemacao.com\/1\/wp-json\/wp\/v2\/users\/2"}],"replies":[{"embeddable":true,"href":"https:\/\/www.caririemacao.com\/1\/wp-json\/wp\/v2\/comments?post=36973"}],"version-history":[{"count":0,"href":"https:\/\/www.caririemacao.com\/1\/wp-json\/wp\/v2\/posts\/36973\/revisions"}],"wp:featuredmedia":[{"embeddable":true,"href":"https:\/\/www.caririemacao.com\/1\/wp-json\/wp\/v2\/media\/36976"}],"wp:attachment":[{"href":"https:\/\/www.caririemacao.com\/1\/wp-json\/wp\/v2\/media?parent=36973"}],"wp:term":[{"taxonomy":"category","embeddable":true,"href":"https:\/\/www.caririemacao.com\/1\/wp-json\/wp\/v2\/categories?post=36973"},{"taxonomy":"post_tag","embeddable":true,"href":"https:\/\/www.caririemacao.com\/1\/wp-json\/wp\/v2\/tags?post=36973"}],"curies":[{"name":"wp","href":"https:\/\/api.w.org\/{rel}","templated":true}]}}