{"id":36985,"date":"2018-01-10T23:02:00","date_gmt":"2018-01-11T02:02:00","guid":{"rendered":"http:\/\/caririemacao.com\/1\/?p=36985"},"modified":"2018-01-11T10:33:43","modified_gmt":"2018-01-11T13:33:43","slug":"adailsinho-lamenta-explosao-e-pede-mudanca-de-endereco-dos-correios-de-gurjao","status":"publish","type":"post","link":"https:\/\/www.caririemacao.com\/1\/2018\/01\/10\/adailsinho-lamenta-explosao-e-pede-mudanca-de-endereco-dos-correios-de-gurjao\/","title":{"rendered":"Adailsinho lamenta explos\u00e3o e pede mudan\u00e7a de endere\u00e7o dos correios de Gurj\u00e3o"},"content":{"rendered":"<p>O vereador e presidente da C\u00e2mara de Gurj\u00e3o, Adailsinho Queiroz, lamentou profundamente a a\u00e7\u00e3o criminosa que resultou na explos\u00e3o da ag\u00eancia dos Correios da cidade de Gurj\u00e3o, ocorrida durante esta semana.<\/p>\n<p>Adailsinho disse que isso vem prejudicar o desenvolvimento da cidade, afetando diretamente a economia local e as pessoas que dependem dos servi\u00e7os, principalmente os banc\u00e1rios.<\/p>\n<p>O presidente disse ao Cariri em A\u00e7\u00e3o que est\u00e1 preocupado com esta situa\u00e7\u00e3o vivenciada esta semana, por isso, mais uma vez esteve na superintend\u00eancia dos Correios na Para\u00edba solicitando a sensibilidade da mudan\u00e7a do endere\u00e7o da agencia em Gurj\u00e3o e agilidade na sua reabertura.<\/p>\n<p>Na reuni\u00e3o, ele pediu a sensibilidade do superintendente Alfredo Fernandes, j\u00e1 que em outra oportunidade, ele j\u00e1 encaminhou o mesmo pedido. \u201cReitero novamente o pedido da mudan\u00e7a da ag\u00eancia tendo em vista o novo endere\u00e7o ser pr\u00f3ximo \u00e0 delegacia, como tamb\u00e9m da contrata\u00e7\u00e3o do vigilante e do carteiro, conto com esse apoio em nome da popula\u00e7\u00e3o de nossa cidade\u201d, ressaltou.<\/p>\n<p><strong>CARIRI EM A\u00c7\u00c3O<\/strong><\/p>\n<p><strong>Leia mais not\u00edcias em\u00a0<\/strong><a style=\"font-style: inherit; font-weight: inherit;\" href=\"http:\/\/www.caririemacao.com\/\"><strong style=\"font-style: inherit;\">caririemacao.com<\/strong><\/a><strong style=\"font-style: inherit;\">, siga nossa p\u00e1gina no\u00a0<\/strong><a style=\"font-style: inherit; font-weight: inherit;\" href=\"https:\/\/www.facebook.com\/CaririEmAcao\/?ref=aymt_homepage_panel\"><strong style=\"font-style: inherit;\">Facebook<\/strong><\/a>,<strong style=\"font-style: inherit;\">\u00a0<\/strong><a style=\"font-style: inherit; font-weight: inherit;\" href=\"https:\/\/www.instagram.com\/cariri_em_acao\/?hl=pt-br\"><strong style=\"font-style: inherit;\">Instagram<\/strong><\/a><strong style=\"font-style: inherit;\">\u00a0e\u00a0<\/strong><a style=\"font-style: inherit; font-weight: inherit;\" href=\"https:\/\/www.youtube.com\/channel\/UCAptA0jQuYQy8vMhLt2m4qg\"><strong style=\"font-style: inherit;\">Youtube<\/strong><\/a><strong style=\"font-style: inherit;\">\u00a0e veja nossas mat\u00e9rias, v\u00eddeos e fotos. Voc\u00ea tamb\u00e9m pode enviar informa\u00e7\u00f5es \u00e0 Reda\u00e7\u00e3o do Portal Cariri em A\u00e7\u00e3o pelo WhatsApp (83) 9 9634.5791, (83) 9 9601-1162.<\/strong><\/p>\n","protected":false},"excerpt":{"rendered":"<p>O vereador e presidente da C\u00e2mara de Gurj\u00e3o, Adailsinho Queiroz, lamentou profundamente a a\u00e7\u00e3o criminosa que resultou na explos\u00e3o da ag\u00eancia dos Correios da cidade&hellip; <\/p>\n","protected":false},"author":2,"featured_media":36989,"comment_status":"closed","ping_status":"closed","sticky":false,"template":"","format":"standard","meta":{"sfsi_plus_gutenberg_text_before_share":"","sfsi_plus_gutenberg_show_text_before_share":"","sfsi_plus_gutenberg_icon_type":"","sfsi_plus_gutenberg_icon_alignemt":"","sfsi_plus_gutenburg_max_per_row":"","footnotes":""},"categories":[11],"tags":[],"class_list":["post-36985","post","type-post","status-publish","format-standard","has-post-thumbnail","hentry","category-politica"],"_links":{"self":[{"href":"https:\/\/www.caririemacao.com\/1\/wp-json\/wp\/v2\/posts\/36985","targetHints":{"allow":["GET"]}}],"collection":[{"href":"https:\/\/www.caririemacao.com\/1\/wp-json\/wp\/v2\/posts"}],"about":[{"href":"https:\/\/www.caririemacao.com\/1\/wp-json\/wp\/v2\/types\/post"}],"author":[{"embeddable":true,"href":"https:\/\/www.caririemacao.com\/1\/wp-json\/wp\/v2\/users\/2"}],"replies":[{"embeddable":true,"href":"https:\/\/www.caririemacao.com\/1\/wp-json\/wp\/v2\/comments?post=36985"}],"version-history":[{"count":0,"href":"https:\/\/www.caririemacao.com\/1\/wp-json\/wp\/v2\/posts\/36985\/revisions"}],"wp:featuredmedia":[{"embeddable":true,"href":"https:\/\/www.caririemacao.com\/1\/wp-json\/wp\/v2\/media\/36989"}],"wp:attachment":[{"href":"https:\/\/www.caririemacao.com\/1\/wp-json\/wp\/v2\/media?parent=36985"}],"wp:term":[{"taxonomy":"category","embeddable":true,"href":"https:\/\/www.caririemacao.com\/1\/wp-json\/wp\/v2\/categories?post=36985"},{"taxonomy":"post_tag","embeddable":true,"href":"https:\/\/www.caririemacao.com\/1\/wp-json\/wp\/v2\/tags?post=36985"}],"curies":[{"name":"wp","href":"https:\/\/api.w.org\/{rel}","templated":true}]}}