{"id":37002,"date":"2018-01-11T09:23:49","date_gmt":"2018-01-11T12:23:49","guid":{"rendered":"http:\/\/caririemacao.com\/1\/?p=37002"},"modified":"2018-01-11T09:23:49","modified_gmt":"2018-01-11T12:23:49","slug":"no-psl-bolsonaro-pode-ser-impedido-de-participar-dos-debates","status":"publish","type":"post","link":"https:\/\/www.caririemacao.com\/1\/2018\/01\/11\/no-psl-bolsonaro-pode-ser-impedido-de-participar-dos-debates\/","title":{"rendered":"No PSL, Bolsonaro Pode Ser Impedido De Participar Dos Debates"},"content":{"rendered":"<p>Ao escolher o diminuto PSL para lan\u00e7ar sua candidatura \u00e0 Presid\u00eancia, Jair Bolsonaro reduziu suas chances de participar dos debates de TV nas elei\u00e7\u00f5es de 2018.<\/p>\n<p>\u00c9 que o artigo 46 da nova Lei Eleitoral s\u00f3 assegura a participa\u00e7\u00e3o de candidatos dos partidos que tenham representa\u00e7\u00e3o m\u00ednima de cinco deputados federais na C\u00e2mara.<\/p>\n<p>A regra se aplica ao n\u00famero de parlamentares que o partido tinha at\u00e9 30 de setembro de 2017 \u2013 apenas dois no caso do PSL e tr\u00eas no caso do Patriotas\/PEN.<\/p>\n<p>A decis\u00e3o de convidar o candidato que n\u00e3o se enquadra na lei \u00e9 da emissora de TV, mas Bolsonaro corre o risco de repetir Erundina, na campanha de 2016.<\/p>\n<p>Ainda valia a regra antiga de, no m\u00ednimo, nove parlamentares. Como o PSOL s\u00f3 tinha cinco, as TVs n\u00e3o eram obrigadas a cham\u00e1-la.<\/p>\n<p>A deputada e ex-prefeita de S\u00e3o Paulo acabou de fora de v\u00e1rios debates. Ela chegou a protestar na porta da Bandeirantes.<\/p>\n<p><strong>CARIRI EM A\u00c7\u00c3O<\/strong><\/p>\n<p><em>Com\u00a0<\/em><em>Click Pol\u00edtica\/Foto: Reprodu\u00e7\u00e3o Internet<\/em><\/p>\n<p><strong>Leia mais not\u00edcias em\u00a0<\/strong><a href=\"http:\/\/www.caririemacao.com\/\"><strong>caririemacao.com<\/strong><\/a><strong>, siga nossa p\u00e1gina no\u00a0<\/strong><a href=\"https:\/\/www.facebook.com\/CaririEmAcao\/?ref=aymt_homepage_panel\"><strong>Facebook<\/strong><\/a>,<strong>\u00a0<\/strong><a href=\"https:\/\/www.instagram.com\/cariri_em_acao\/?hl=pt-br\"><strong>Instagram<\/strong><\/a><strong>\u00a0e <\/strong><a href=\"https:\/\/www.youtube.com\/channel\/UCAptA0jQuYQy8vMhLt2m4qg\"><strong>Youtube<\/strong><\/a><strong>\u00a0e veja nossas mat\u00e9rias, v\u00eddeos e fotos. Voc\u00ea tamb\u00e9m pode enviar informa\u00e7\u00f5es \u00e0 Reda\u00e7\u00e3o do Portal Cariri em A\u00e7\u00e3o pelo WhatsApp (83) 9 9634.5791, (83) 9 9601-1162.<\/strong><\/p>\n","protected":false},"excerpt":{"rendered":"<p>Ao escolher o diminuto PSL para lan\u00e7ar sua candidatura \u00e0 Presid\u00eancia, Jair Bolsonaro reduziu suas chances de participar dos debates de TV nas elei\u00e7\u00f5es de&hellip; <\/p>\n","protected":false},"author":2,"featured_media":37003,"comment_status":"closed","ping_status":"closed","sticky":false,"template":"","format":"standard","meta":{"sfsi_plus_gutenberg_text_before_share":"","sfsi_plus_gutenberg_show_text_before_share":"","sfsi_plus_gutenberg_icon_type":"","sfsi_plus_gutenberg_icon_alignemt":"","sfsi_plus_gutenburg_max_per_row":"","footnotes":""},"categories":[1],"tags":[],"class_list":["post-37002","post","type-post","status-publish","format-standard","has-post-thumbnail","hentry","category-o-site"],"_links":{"self":[{"href":"https:\/\/www.caririemacao.com\/1\/wp-json\/wp\/v2\/posts\/37002","targetHints":{"allow":["GET"]}}],"collection":[{"href":"https:\/\/www.caririemacao.com\/1\/wp-json\/wp\/v2\/posts"}],"about":[{"href":"https:\/\/www.caririemacao.com\/1\/wp-json\/wp\/v2\/types\/post"}],"author":[{"embeddable":true,"href":"https:\/\/www.caririemacao.com\/1\/wp-json\/wp\/v2\/users\/2"}],"replies":[{"embeddable":true,"href":"https:\/\/www.caririemacao.com\/1\/wp-json\/wp\/v2\/comments?post=37002"}],"version-history":[{"count":0,"href":"https:\/\/www.caririemacao.com\/1\/wp-json\/wp\/v2\/posts\/37002\/revisions"}],"wp:featuredmedia":[{"embeddable":true,"href":"https:\/\/www.caririemacao.com\/1\/wp-json\/wp\/v2\/media\/37003"}],"wp:attachment":[{"href":"https:\/\/www.caririemacao.com\/1\/wp-json\/wp\/v2\/media?parent=37002"}],"wp:term":[{"taxonomy":"category","embeddable":true,"href":"https:\/\/www.caririemacao.com\/1\/wp-json\/wp\/v2\/categories?post=37002"},{"taxonomy":"post_tag","embeddable":true,"href":"https:\/\/www.caririemacao.com\/1\/wp-json\/wp\/v2\/tags?post=37002"}],"curies":[{"name":"wp","href":"https:\/\/api.w.org\/{rel}","templated":true}]}}