{"id":37005,"date":"2018-01-11T09:25:48","date_gmt":"2018-01-11T12:25:48","guid":{"rendered":"http:\/\/caririemacao.com\/1\/?p=37005"},"modified":"2018-01-11T09:25:48","modified_gmt":"2018-01-11T12:25:48","slug":"homem-e-executado-a-tiros-e-outro-baleado-no-cariri-pc-investiga-crime","status":"publish","type":"post","link":"https:\/\/www.caririemacao.com\/1\/2018\/01\/11\/homem-e-executado-a-tiros-e-outro-baleado-no-cariri-pc-investiga-crime\/","title":{"rendered":"Homem \u00e9 executado a tiros e outro baleado no Cariri; PC investiga crime"},"content":{"rendered":"<p>Mais um homic\u00eddio foi registrado na regi\u00e3o do Cariri paraibano. Na noite desta quarta-feira, 10, um homem foi executado e outro ficou ferido na cidade de Livramento, mas precisamente, no Beco da 51, no Bairro Santa Terezinha.<\/p>\n<div>Conforme informa\u00e7\u00f5es, uma dupla de moto chegou a uma casa onde estavam as v\u00edtimas e dispararam v\u00e1rios tiros contra os dois homens. Um deles morreu na hora e o outro ficou gravemente ferido. Ele foi socorrido e levado para o Hospital de Trauma de Campina Grande.<\/div>\n<div><\/div>\n<div>A Pol\u00edcia Civil foi acionada e est\u00e1 investigando o crime. A principal suspeita \u00e9 que o ocorrido seja relacionado com o tr\u00e1fico de drogas no munic\u00edpio. Ap\u00f3s o crime, a dupla fugiu com destino ignorado.<\/div>\n<div>\n<p><strong>CARIRI EM A\u00c7\u00c3O<\/strong><\/p>\n<p><em>Com Vitrine do Cariri\/Foto: Reprodu\u00e7\u00e3o Internet<\/em><\/p>\n<p><strong>Leia mais not\u00edcias em\u00a0<\/strong><a href=\"http:\/\/www.caririemacao.com\/\"><strong>caririemacao.com<\/strong><\/a><strong>, siga nossa p\u00e1gina no\u00a0<\/strong><a href=\"https:\/\/www.facebook.com\/CaririEmAcao\/?ref=aymt_homepage_panel\"><strong>Facebook<\/strong><\/a>,<strong>\u00a0<\/strong><a href=\"https:\/\/www.instagram.com\/cariri_em_acao\/?hl=pt-br\"><strong>Instagram<\/strong><\/a><strong>\u00a0e <\/strong><a href=\"https:\/\/www.youtube.com\/channel\/UCAptA0jQuYQy8vMhLt2m4qg\"><strong>Youtube<\/strong><\/a><strong>\u00a0e veja nossas mat\u00e9rias, v\u00eddeos e fotos. Voc\u00ea tamb\u00e9m pode enviar informa\u00e7\u00f5es \u00e0 Reda\u00e7\u00e3o do Portal Cariri em A\u00e7\u00e3o pelo WhatsApp (83) 9 9634.5791, (83) 9 9601-1162.<\/strong><\/p>\n<\/div>\n","protected":false},"excerpt":{"rendered":"<p>Mais um homic\u00eddio foi registrado na regi\u00e3o do Cariri paraibano. Na noite desta quarta-feira, 10, um homem foi executado e outro ficou ferido na cidade&hellip; <\/p>\n","protected":false},"author":2,"featured_media":30567,"comment_status":"closed","ping_status":"closed","sticky":false,"template":"","format":"standard","meta":{"sfsi_plus_gutenberg_text_before_share":"","sfsi_plus_gutenberg_show_text_before_share":"","sfsi_plus_gutenberg_icon_type":"","sfsi_plus_gutenberg_icon_alignemt":"","sfsi_plus_gutenburg_max_per_row":"","footnotes":""},"categories":[12],"tags":[],"class_list":["post-37005","post","type-post","status-publish","format-standard","has-post-thumbnail","hentry","category-policia"],"_links":{"self":[{"href":"https:\/\/www.caririemacao.com\/1\/wp-json\/wp\/v2\/posts\/37005","targetHints":{"allow":["GET"]}}],"collection":[{"href":"https:\/\/www.caririemacao.com\/1\/wp-json\/wp\/v2\/posts"}],"about":[{"href":"https:\/\/www.caririemacao.com\/1\/wp-json\/wp\/v2\/types\/post"}],"author":[{"embeddable":true,"href":"https:\/\/www.caririemacao.com\/1\/wp-json\/wp\/v2\/users\/2"}],"replies":[{"embeddable":true,"href":"https:\/\/www.caririemacao.com\/1\/wp-json\/wp\/v2\/comments?post=37005"}],"version-history":[{"count":0,"href":"https:\/\/www.caririemacao.com\/1\/wp-json\/wp\/v2\/posts\/37005\/revisions"}],"wp:featuredmedia":[{"embeddable":true,"href":"https:\/\/www.caririemacao.com\/1\/wp-json\/wp\/v2\/media\/30567"}],"wp:attachment":[{"href":"https:\/\/www.caririemacao.com\/1\/wp-json\/wp\/v2\/media?parent=37005"}],"wp:term":[{"taxonomy":"category","embeddable":true,"href":"https:\/\/www.caririemacao.com\/1\/wp-json\/wp\/v2\/categories?post=37005"},{"taxonomy":"post_tag","embeddable":true,"href":"https:\/\/www.caririemacao.com\/1\/wp-json\/wp\/v2\/tags?post=37005"}],"curies":[{"name":"wp","href":"https:\/\/api.w.org\/{rel}","templated":true}]}}