{"id":37007,"date":"2018-01-11T09:31:52","date_gmt":"2018-01-11T12:31:52","guid":{"rendered":"http:\/\/caririemacao.com\/1\/?p=37007"},"modified":"2018-01-11T09:31:52","modified_gmt":"2018-01-11T12:31:52","slug":"programacao-do-encontro-crescer-2018-em-campina-grande-e-divulgada","status":"publish","type":"post","link":"https:\/\/www.caririemacao.com\/1\/2018\/01\/11\/programacao-do-encontro-crescer-2018-em-campina-grande-e-divulgada\/","title":{"rendered":"Programa\u00e7\u00e3o do encontro Crescer 2018, em Campina Grande, \u00e9 divulgada"},"content":{"rendered":"<div class=\"mc-column content-media content-media--normal  content-photo\" data-block-type=\"backstage-photo\" data-block-id=\"0\">\n<div class=\"content-media__container\">\n<div class=\"content-media__description-centered \">\n<p class=\"content-media__description\">A organiza\u00e7\u00e3o da 21\u00aa edi\u00e7\u00e3o do Crescer \u2013 o Encontro da Fam\u00edlia Cat\u00f3lica, divulgou a programa\u00e7\u00e3o do evento que acontece nos dias 11, 12 e 13 de fevereiro, na casa de shows Spazzio, em Campina Grande. De acordo com os organizadores do evento, a proposta deste ano \u00e9 trazer reflex\u00f5es sobre os desafios que as fam\u00edlias crist\u00e3s enfrentam na atualidade. O Crescer \u00e9 promovido pela Comunidade de S\u00e3o Pio X, da Diocese de Campina Grande.<\/p>\n<\/div>\n<\/div>\n<\/div>\n<div class=\"mc-column content-text active-extra-styles \" data-block-type=\"unstyled\" data-block-weight=\"59\" data-block-id=\"3\">\n<p class=\"content-text__container \" data-track-category=\"Link no Texto\" data-track-links=\"\">Entre os pregadores anunciados na programa\u00e7\u00e3o do encontro est\u00e3o Dom Dulc\u00eanio Fontes de Matos (Diocese de Campina Grande), Padre Rodrigo Pereira (Diocese de Osasco &#8211; SP), Cassiano Meirelles da Comunidade Can\u00e7\u00e3o Nova (Cachoeira Paulista &#8211; SP), Tiba Camargo tamb\u00e9m da Comunidade Can\u00e7\u00e3o Nova e \u00cdtalo Fasanella da Comunidade Sagrada Fam\u00edlia de S\u00e3o Paulo, al\u00e9m de padres e pregadores locais.<\/p>\n<\/div>\n<div class=\"mc-column content-text active-extra-styles \" data-block-type=\"unstyled\" data-block-weight=\"31\" data-block-id=\"4\">\n<p class=\"content-text__container \" data-track-category=\"Link no Texto\" data-track-links=\"\">A expectativa de p\u00fablico para a 21\u00aa edi\u00e7\u00e3o do Crescer \u00e9 de 45 mil pessoas. Segundo a coordena\u00e7\u00e3o do evento, ser\u00e1 mantido um servi\u00e7o de hospedagem de caravanas de outras cidades.<\/p>\n<\/div>\n<div class=\"mc-column content-text active-extra-styles \" data-block-type=\"unstyled\" data-block-weight=\"58\" data-block-id=\"5\">\n<p class=\"content-text__container \" data-track-category=\"Link no Texto\" data-track-links=\"\">Durante a realiza\u00e7\u00e3o do 21\u00ba Crescer, de forma paralela, acontece a quarta edi\u00e7\u00e3o da ExpoFam\u00edlia, nas depend\u00eancias da casa de shows Spazzio. A ExpoFam\u00edlia \u00e9 uma feira de artigos religiosos e para a fam\u00edlia e \u00e9 formada por estandes de livrarias cat\u00f3licas, lojas de artigos, al\u00e9m de diversos produtos e servi\u00e7os para a fam\u00edlia e para o lar.<\/p>\n<p class=\"content-text__container \" data-track-category=\"Link no Texto\" data-track-links=\"\"><strong>Divulga\u00e7\u00e3o de eventos religiosos unificada em Campina Grande<\/strong><\/p>\n<\/div>\n<div class=\"mc-column content-text active-extra-styles \" data-block-type=\"unstyled\" data-block-weight=\"34\" data-block-id=\"7\">\n<p class=\"content-text__container \" data-track-category=\"Link no Texto\" data-track-links=\"\">Conhecida por sediar encontros religiosos no per\u00edodo carnavalesco, Campina Grande ter\u00e1 em 2018 uma marca pr\u00f3pria, o \u201cCarnaval da Paz\u201d, a partir de agora, unificar\u00e1 toda a divulga\u00e7\u00e3o institucional dos eventos atrav\u00e9s Prefeitura Municipal.<\/p>\n<\/div>\n<div data-track-category=\"fim do conteudo\" data-track-action=\"ultimo chunk conteudo\" data-track-noninteraction=\"false\" data-track-scroll=\"entrada completa viewport\">\n<div class=\"mc-column content-text active-extra-styles \" data-block-type=\"unstyled\" data-block-weight=\"52\" data-block-id=\"8\">\n<p class=\"content-text__container \" data-track-category=\"Link no Texto\" data-track-links=\"\">\u201cJ\u00e1 havia essa necessidade de formata\u00e7\u00e3o para os eventos religiosos em Campina Grande. De fato faz muito mal aos eventos estarem disputando espa\u00e7os entre si, passando para a sociedade que s\u00e3o concorrentes. A prefeitura de Campina Grande est\u00e1 de parab\u00e9ns e n\u00f3s apoiamos esta ideia\u201d, reconheceu Gustavo Lucena, da organiza\u00e7\u00e3o do Crescer.<\/p>\n<p><strong>CARIRI EM A\u00c7\u00c3O<\/strong><\/p>\n<p><em>Com G1 \/Foto: Comunidade de S\u00e3o Pio X\/Divulga\u00e7\u00e3o \u00a0<\/em><\/p>\n<p><strong>Leia mais not\u00edcias em\u00a0<\/strong><a href=\"http:\/\/www.caririemacao.com\/\"><strong>caririemacao.com<\/strong><\/a><strong>, siga nossa p\u00e1gina no\u00a0<\/strong><a href=\"https:\/\/www.facebook.com\/CaririEmAcao\/?ref=aymt_homepage_panel\"><strong>Facebook<\/strong><\/a>,<strong>\u00a0<\/strong><a href=\"https:\/\/www.instagram.com\/cariri_em_acao\/?hl=pt-br\"><strong>Instagram<\/strong><\/a><strong>\u00a0e <\/strong><a href=\"https:\/\/www.youtube.com\/channel\/UCAptA0jQuYQy8vMhLt2m4qg\"><strong>Youtube<\/strong><\/a><strong>\u00a0e veja nossas mat\u00e9rias, v\u00eddeos e fotos. Voc\u00ea tamb\u00e9m pode enviar informa\u00e7\u00f5es \u00e0 Reda\u00e7\u00e3o do Portal Cariri em A\u00e7\u00e3o pelo WhatsApp (83) 9 9634.5791, (83) 9 9601-1162.<\/strong><\/p>\n<\/div>\n<\/div>\n","protected":false},"excerpt":{"rendered":"<p>A organiza\u00e7\u00e3o da 21\u00aa edi\u00e7\u00e3o do Crescer \u2013 o Encontro da Fam\u00edlia Cat\u00f3lica, divulgou a programa\u00e7\u00e3o do evento que acontece nos dias 11, 12 e&hellip; <\/p>\n","protected":false},"author":2,"featured_media":37008,"comment_status":"closed","ping_status":"closed","sticky":false,"template":"","format":"standard","meta":{"sfsi_plus_gutenberg_text_before_share":"","sfsi_plus_gutenberg_show_text_before_share":"","sfsi_plus_gutenberg_icon_type":"","sfsi_plus_gutenberg_icon_alignemt":"","sfsi_plus_gutenburg_max_per_row":"","footnotes":""},"categories":[2],"tags":[],"class_list":["post-37007","post","type-post","status-publish","format-standard","has-post-thumbnail","hentry","category-geral"],"_links":{"self":[{"href":"https:\/\/www.caririemacao.com\/1\/wp-json\/wp\/v2\/posts\/37007","targetHints":{"allow":["GET"]}}],"collection":[{"href":"https:\/\/www.caririemacao.com\/1\/wp-json\/wp\/v2\/posts"}],"about":[{"href":"https:\/\/www.caririemacao.com\/1\/wp-json\/wp\/v2\/types\/post"}],"author":[{"embeddable":true,"href":"https:\/\/www.caririemacao.com\/1\/wp-json\/wp\/v2\/users\/2"}],"replies":[{"embeddable":true,"href":"https:\/\/www.caririemacao.com\/1\/wp-json\/wp\/v2\/comments?post=37007"}],"version-history":[{"count":0,"href":"https:\/\/www.caririemacao.com\/1\/wp-json\/wp\/v2\/posts\/37007\/revisions"}],"wp:featuredmedia":[{"embeddable":true,"href":"https:\/\/www.caririemacao.com\/1\/wp-json\/wp\/v2\/media\/37008"}],"wp:attachment":[{"href":"https:\/\/www.caririemacao.com\/1\/wp-json\/wp\/v2\/media?parent=37007"}],"wp:term":[{"taxonomy":"category","embeddable":true,"href":"https:\/\/www.caririemacao.com\/1\/wp-json\/wp\/v2\/categories?post=37007"},{"taxonomy":"post_tag","embeddable":true,"href":"https:\/\/www.caririemacao.com\/1\/wp-json\/wp\/v2\/tags?post=37007"}],"curies":[{"name":"wp","href":"https:\/\/api.w.org\/{rel}","templated":true}]}}