{"id":37014,"date":"2018-01-11T09:45:50","date_gmt":"2018-01-11T12:45:50","guid":{"rendered":"http:\/\/caririemacao.com\/1\/?p=37014"},"modified":"2018-01-11T09:45:50","modified_gmt":"2018-01-11T12:45:50","slug":"energisa-nao-podera-cortar-energia-de-casa-com-pessoa-em-tratamento","status":"publish","type":"post","link":"https:\/\/www.caririemacao.com\/1\/2018\/01\/11\/energisa-nao-podera-cortar-energia-de-casa-com-pessoa-em-tratamento\/","title":{"rendered":"Energisa n\u00e3o poder\u00e1 cortar energia de casa com pessoa em tratamento"},"content":{"rendered":"<p>Foi promulgada nesta quinta-feira (11) lei estadual que pro\u00edbe as concession\u00e1rias de energia el\u00e9trica de suspender em decorr\u00eancia de atraso no pagamento, o fornecimento de energia el\u00e9trica \u00e0 fam\u00edlia de pacientes que utilizem em casa equipamentos para seu tratamento. A promulga\u00e7\u00e3o foi publicada no Di\u00e1rio Oficial do Estado.<\/p>\n<p>A lei, de autoria do deputado estadual Ricardo Barbosa, prev\u00ea que as fam\u00edlias apresentem laudo m\u00e9dico oficial, discriminando a necessidade de uso cont\u00ednuo e domiciliar de aparelho m\u00e9dico vital \u00e0 preserva\u00e7\u00e3o da vida para evitar o corte no fornecimento de energia.<\/p>\n<p>Ele refor\u00e7a que a impossibilidade de efetuar o corte n\u00e3o extingue o d\u00e9bito com a concession\u00e1ria.<\/p>\n<p><strong>CARIRI EM A\u00c7\u00c3O<\/strong><\/p>\n<p><em>Com\u00a0<\/em>Mais PB<em>\/Foto: Reprodu\u00e7\u00e3o Internet<\/em><\/p>\n<p><strong>Leia mais not\u00edcias em\u00a0<\/strong><a href=\"http:\/\/www.caririemacao.com\/\"><strong>caririemacao.com<\/strong><\/a><strong>, siga nossa p\u00e1gina no\u00a0<\/strong><a href=\"https:\/\/www.facebook.com\/CaririEmAcao\/?ref=aymt_homepage_panel\"><strong>Facebook<\/strong><\/a>,<strong>\u00a0<\/strong><a href=\"https:\/\/www.instagram.com\/cariri_em_acao\/?hl=pt-br\"><strong>Instagram<\/strong><\/a><strong>\u00a0e <\/strong><a href=\"https:\/\/www.youtube.com\/channel\/UCAptA0jQuYQy8vMhLt2m4qg\"><strong>Youtube<\/strong><\/a><strong>\u00a0e veja nossas mat\u00e9rias, v\u00eddeos e fotos. Voc\u00ea tamb\u00e9m pode enviar informa\u00e7\u00f5es \u00e0 Reda\u00e7\u00e3o do Portal Cariri em A\u00e7\u00e3o pelo WhatsApp (83) 9 9634.5791, (83) 9 9601-1162.<\/strong><\/p>\n","protected":false},"excerpt":{"rendered":"<p>Foi promulgada nesta quinta-feira (11) lei estadual que pro\u00edbe as concession\u00e1rias de energia el\u00e9trica de suspender em decorr\u00eancia de atraso no pagamento, o fornecimento de&hellip; <\/p>\n","protected":false},"author":2,"featured_media":37015,"comment_status":"closed","ping_status":"closed","sticky":false,"template":"","format":"standard","meta":{"sfsi_plus_gutenberg_text_before_share":"","sfsi_plus_gutenberg_show_text_before_share":"","sfsi_plus_gutenberg_icon_type":"","sfsi_plus_gutenberg_icon_alignemt":"","sfsi_plus_gutenburg_max_per_row":"","footnotes":""},"categories":[2],"tags":[],"class_list":["post-37014","post","type-post","status-publish","format-standard","has-post-thumbnail","hentry","category-geral"],"_links":{"self":[{"href":"https:\/\/www.caririemacao.com\/1\/wp-json\/wp\/v2\/posts\/37014","targetHints":{"allow":["GET"]}}],"collection":[{"href":"https:\/\/www.caririemacao.com\/1\/wp-json\/wp\/v2\/posts"}],"about":[{"href":"https:\/\/www.caririemacao.com\/1\/wp-json\/wp\/v2\/types\/post"}],"author":[{"embeddable":true,"href":"https:\/\/www.caririemacao.com\/1\/wp-json\/wp\/v2\/users\/2"}],"replies":[{"embeddable":true,"href":"https:\/\/www.caririemacao.com\/1\/wp-json\/wp\/v2\/comments?post=37014"}],"version-history":[{"count":0,"href":"https:\/\/www.caririemacao.com\/1\/wp-json\/wp\/v2\/posts\/37014\/revisions"}],"wp:featuredmedia":[{"embeddable":true,"href":"https:\/\/www.caririemacao.com\/1\/wp-json\/wp\/v2\/media\/37015"}],"wp:attachment":[{"href":"https:\/\/www.caririemacao.com\/1\/wp-json\/wp\/v2\/media?parent=37014"}],"wp:term":[{"taxonomy":"category","embeddable":true,"href":"https:\/\/www.caririemacao.com\/1\/wp-json\/wp\/v2\/categories?post=37014"},{"taxonomy":"post_tag","embeddable":true,"href":"https:\/\/www.caririemacao.com\/1\/wp-json\/wp\/v2\/tags?post=37014"}],"curies":[{"name":"wp","href":"https:\/\/api.w.org\/{rel}","templated":true}]}}