{"id":37020,"date":"2018-01-11T10:00:50","date_gmt":"2018-01-11T13:00:50","guid":{"rendered":"http:\/\/caririemacao.com\/1\/?p=37020"},"modified":"2018-01-11T10:00:50","modified_gmt":"2018-01-11T13:00:50","slug":"vasco-da-gama-faz-selecao-de-atletas-no-cariri","status":"publish","type":"post","link":"https:\/\/www.caririemacao.com\/1\/2018\/01\/11\/vasco-da-gama-faz-selecao-de-atletas-no-cariri\/","title":{"rendered":"Vasco da Gama faz sele\u00e7\u00e3o de atletas no Cariri"},"content":{"rendered":"<p>Uma equipe t\u00e9cnica do Clube de Regatas Vasco da Gama do Rio de Janeiro estar\u00e1 na cidade de Monteiro, no Cariri da Para\u00edba, a 305 km de Jo\u00e3o Pessoa, entre os dias 22 e 25 de janeiro, para realizar uma avalia\u00e7\u00e3o t\u00e9cnica com atletas da cidade.<\/p>\n<p>Comandada pelo observador t\u00e9cnico Ad\u00edlio Gomes, a comiss\u00e3o t\u00e9cnica far\u00e1 uma sele\u00e7\u00e3o no Est\u00e1dio Feitos\u00e3o, observando os seguintes crit\u00e9rios:<\/p>\n<p>Na quarta-feira (24), os atletas nascidos entre 2003 e 2008 poder\u00e3o participar do processo seletivo a partir das 8h, enquanto que na quinta-feira (25) ser\u00e1 a vez dos nascidos entre 1999 e 2002.<\/p>\n<p>Para participar do processo seletivo, cada atleta dever\u00e1 pagar uma taxa de inscri\u00e7\u00e3o no valor de R$ 20 e tem que levar material esportivo pr\u00f3prio. A taxa dever\u00e1 ser paga no local da sele\u00e7\u00e3o.<\/p>\n<p>Os selecionados pela comiss\u00e3o passar\u00e3o por um per\u00edodo de treinamento de 90 dias na cidade de Campina Grande, e, caso sejam aprovados, ser\u00e3o designados para integrar o elenco de base do Vasco, no Rio de Janeiro.<\/p>\n<p>Para mais informa\u00e7\u00f5es, os interessados podem ligar para os telefones (83) 9 8762-8563 ou (83) 9 9984-9725.<\/p>\n<p><strong>CARIRI EM A\u00c7\u00c3O<\/strong><\/p>\n<p><em>Com Portal Correio\/Foto: Reprodu\u00e7\u00e3o Internet<\/em><\/p>\n<p><strong>Leia mais not\u00edcias em\u00a0<\/strong><a href=\"http:\/\/www.caririemacao.com\/\"><strong>caririemacao.com<\/strong><\/a><strong>, siga nossa p\u00e1gina no\u00a0<\/strong><a href=\"https:\/\/www.facebook.com\/CaririEmAcao\/?ref=aymt_homepage_panel\"><strong>Facebook<\/strong><\/a>,<strong>\u00a0<\/strong><a href=\"https:\/\/www.instagram.com\/cariri_em_acao\/?hl=pt-br\"><strong>Instagram<\/strong><\/a><strong>\u00a0e <\/strong><a href=\"https:\/\/www.youtube.com\/channel\/UCAptA0jQuYQy8vMhLt2m4qg\"><strong>Youtube<\/strong><\/a><strong>\u00a0e veja nossas mat\u00e9rias, v\u00eddeos e fotos. Voc\u00ea tamb\u00e9m pode enviar informa\u00e7\u00f5es \u00e0 Reda\u00e7\u00e3o do Portal Cariri em A\u00e7\u00e3o pelo WhatsApp (83) 9 9634.5791, (83) 9 9601-1162.<\/strong><\/p>\n","protected":false},"excerpt":{"rendered":"<p>Uma equipe t\u00e9cnica do Clube de Regatas Vasco da Gama do Rio de Janeiro estar\u00e1 na cidade de Monteiro, no Cariri da Para\u00edba, a 305&hellip; <\/p>\n","protected":false},"author":2,"featured_media":37021,"comment_status":"closed","ping_status":"closed","sticky":false,"template":"","format":"standard","meta":{"sfsi_plus_gutenberg_text_before_share":"","sfsi_plus_gutenberg_show_text_before_share":"","sfsi_plus_gutenberg_icon_type":"","sfsi_plus_gutenberg_icon_alignemt":"","sfsi_plus_gutenburg_max_per_row":"","footnotes":""},"categories":[13],"tags":[],"class_list":["post-37020","post","type-post","status-publish","format-standard","has-post-thumbnail","hentry","category-esportes"],"_links":{"self":[{"href":"https:\/\/www.caririemacao.com\/1\/wp-json\/wp\/v2\/posts\/37020","targetHints":{"allow":["GET"]}}],"collection":[{"href":"https:\/\/www.caririemacao.com\/1\/wp-json\/wp\/v2\/posts"}],"about":[{"href":"https:\/\/www.caririemacao.com\/1\/wp-json\/wp\/v2\/types\/post"}],"author":[{"embeddable":true,"href":"https:\/\/www.caririemacao.com\/1\/wp-json\/wp\/v2\/users\/2"}],"replies":[{"embeddable":true,"href":"https:\/\/www.caririemacao.com\/1\/wp-json\/wp\/v2\/comments?post=37020"}],"version-history":[{"count":0,"href":"https:\/\/www.caririemacao.com\/1\/wp-json\/wp\/v2\/posts\/37020\/revisions"}],"wp:featuredmedia":[{"embeddable":true,"href":"https:\/\/www.caririemacao.com\/1\/wp-json\/wp\/v2\/media\/37021"}],"wp:attachment":[{"href":"https:\/\/www.caririemacao.com\/1\/wp-json\/wp\/v2\/media?parent=37020"}],"wp:term":[{"taxonomy":"category","embeddable":true,"href":"https:\/\/www.caririemacao.com\/1\/wp-json\/wp\/v2\/categories?post=37020"},{"taxonomy":"post_tag","embeddable":true,"href":"https:\/\/www.caririemacao.com\/1\/wp-json\/wp\/v2\/tags?post=37020"}],"curies":[{"name":"wp","href":"https:\/\/api.w.org\/{rel}","templated":true}]}}