{"id":37028,"date":"2018-01-11T10:30:57","date_gmt":"2018-01-11T13:30:57","guid":{"rendered":"http:\/\/caririemacao.com\/1\/?p=37028"},"modified":"2018-01-11T10:30:57","modified_gmt":"2018-01-11T13:30:57","slug":"jefferson-diz-que-ptb-mantera-indicacao-cristiane-brasil-para-trabalho","status":"publish","type":"post","link":"https:\/\/www.caririemacao.com\/1\/2018\/01\/11\/jefferson-diz-que-ptb-mantera-indicacao-cristiane-brasil-para-trabalho\/","title":{"rendered":"Jefferson diz que PTB manter\u00e1 indica\u00e7\u00e3o Cristiane Brasil para Trabalho"},"content":{"rendered":"<p>O presidente nacional do PTB, Roberto Jefferson, disse nesta quinta-feira (11) que o partido manter\u00e1 a indica\u00e7\u00e3o da deputada federal Cristiane Brasil (PTB-RJ) para o Minist\u00e9rio do Trabalho.<\/p>\n<p>Na noite de quarta-feira (20), o TRF (Tribunal Regional Federal) da 2\u00aa Regi\u00e3o manteve a decis\u00e3o da primeira inst\u00e2ncia que suspendeu a posse da parlamentar, desgastando ainda mais a imagem do governo.<\/p>\n<p>Os recursos eram a \u00faltima alternativa do presidente para tentar empossar a parlamentar sem passar pela terceira inst\u00e2ncia, que deu sinais ao Pal\u00e1cio do Planalto de que est\u00e1 disposta a manter a suspens\u00e3o caso seja acionada.<\/p>\n<p>A deputada foi condenada a pagar R$ 60 mil a um de seus motoristas e fez acordo com outro profissional, pagando R$ 14 mil para evitar uma condena\u00e7\u00e3o.<\/p>\n<p>&#8220;N\u00f3s manteremos a indica\u00e7\u00e3o&#8221;, disse Jefferson \u00e0 Folha de S.Paulo.<\/p>\n<p>Nesta quinta-feira (11), Temer e Jefferson devem discutir o assunto. Na noite da quarta-feira (10), o presidente se reuniu com auxiliares e assessores, no Pal\u00e1cio do Jaburu, para analisar o quadro jur\u00eddico.<\/p>\n<p>&#8220;Est\u00e1 decidido que vamos recorrer&#8221;, disse o ministro da Carlos Marun (Secretaria de Governo), ap\u00f3s o encontro.<\/p>\n<p>O Pal\u00e1cio do Planalto, contudo, ainda avalia as possibilidades jur\u00eddicas para evitar uma nova derrota, desta vez no STF (Supremo Tribunal Federal) ou no STJ (Superior Tribunal de Justi\u00e7a).<\/p>\n<p>Em viagem a S\u00e3o Paulo para exames m\u00e9dicos, nesta quinta-feira (11), o presidente ir\u00e1 abordar o tema com o advogado criminalista Antonio Claudio Mariz de Oliveira, um dos seus principais conselheiros jur\u00eddicos.<\/p>\n<p>Em conversas reservadas, o presidente tem ressaltando que a decis\u00e3o final cabe ao PTB. O objetivo \u00e9 mostrar \u00e0 sigla que ele tenta esgotar todas as inst\u00e2ncias, indo at\u00e9 o fim nos esfor\u00e7os para garantir a nomea\u00e7\u00e3o.<\/p>\n<p>A avalia\u00e7\u00e3o \u00e9 de que qualquer sinal de desist\u00eancia ou falta de empenho do governo para a posse da deputada federal teria potencial de abrir uma guerra com o PTB, que se estenderia \u00e0s demais siglas da base aliada.<\/p>\n<p>Para o Pal\u00e1cio do Planalto, a sustenta\u00e7\u00e3o do governo no Congresso Nacional e o apoio dos partidos \u00e0 agenda de reformas pode desmoronar se o presidente n\u00e3o mantiver o acordo de nomear os ministros escolhidos pelos dirigentes das legendas governistas.<\/p>\n<p>A inseguran\u00e7a sobre uma derrota no Supremo ocorreu ap\u00f3s o presidente ter recebido sinais de que h\u00e1 uma tend\u00eancia de que a ministra C\u00e1rmen L\u00facia mantenha a decis\u00e3o de suspens\u00e3o da posse.<\/p>\n<p>O Pal\u00e1cio do Planalto enviou um emiss\u00e1rio na noite de ter\u00e7a-feira (9) para consultar auxiliares dela sobre a chance de sucesso de um recurso ao tribunal. Segundo a reportagem apurou, a equipe da ministra indicou que ela poderia barrar a cerim\u00f4nia ou remeter o caso ao plen\u00e1rio.<\/p>\n<p>Como o STF est\u00e1 em recesso at\u00e9 1\u00ba de fevereiro, o impasse sobre a posse se estenderia e agravaria o desgaste do governo com o epis\u00f3dio.<\/p>\n<p>Para a equipe do presidente, a rela\u00e7\u00e3o de Temer com C\u00e1rmen se deteriorou com o epis\u00f3dio em que a ministra suspendeu parte do indulto natalino concedido pelo governo, no fim do ano passado.<\/p>\n<p><strong>CARIRI EM A\u00c7\u00c3O<\/strong><\/p>\n<p><em>Com Folhapress \/Foto: Reprodu\u00e7\u00e3o Internet<\/em><\/p>\n<p><strong>Leia mais not\u00edcias em\u00a0<\/strong><a href=\"http:\/\/www.caririemacao.com\/\"><strong>caririemacao.com<\/strong><\/a><strong>, siga nossa p\u00e1gina no\u00a0<\/strong><a href=\"https:\/\/www.facebook.com\/CaririEmAcao\/?ref=aymt_homepage_panel\"><strong>Facebook<\/strong><\/a>,<strong>\u00a0<\/strong><a href=\"https:\/\/www.instagram.com\/cariri_em_acao\/?hl=pt-br\"><strong>Instagram<\/strong><\/a><strong>\u00a0e <\/strong><a href=\"https:\/\/www.youtube.com\/channel\/UCAptA0jQuYQy8vMhLt2m4qg\"><strong>Youtube<\/strong><\/a><strong>\u00a0e veja nossas mat\u00e9rias, v\u00eddeos e fotos. Voc\u00ea tamb\u00e9m pode enviar informa\u00e7\u00f5es \u00e0 Reda\u00e7\u00e3o do Portal Cariri em A\u00e7\u00e3o pelo WhatsApp (83) 9 9634.5791, (83) 9 9601-1162.<\/strong><\/p>\n","protected":false},"excerpt":{"rendered":"<p>O presidente nacional do PTB, Roberto Jefferson, disse nesta quinta-feira (11) que o partido manter\u00e1 a indica\u00e7\u00e3o da deputada federal Cristiane Brasil (PTB-RJ) para o&hellip; <\/p>\n","protected":false},"author":2,"featured_media":37029,"comment_status":"closed","ping_status":"closed","sticky":false,"template":"","format":"standard","meta":{"sfsi_plus_gutenberg_text_before_share":"","sfsi_plus_gutenberg_show_text_before_share":"","sfsi_plus_gutenberg_icon_type":"","sfsi_plus_gutenberg_icon_alignemt":"","sfsi_plus_gutenburg_max_per_row":"","footnotes":""},"categories":[11],"tags":[],"class_list":["post-37028","post","type-post","status-publish","format-standard","has-post-thumbnail","hentry","category-politica"],"_links":{"self":[{"href":"https:\/\/www.caririemacao.com\/1\/wp-json\/wp\/v2\/posts\/37028","targetHints":{"allow":["GET"]}}],"collection":[{"href":"https:\/\/www.caririemacao.com\/1\/wp-json\/wp\/v2\/posts"}],"about":[{"href":"https:\/\/www.caririemacao.com\/1\/wp-json\/wp\/v2\/types\/post"}],"author":[{"embeddable":true,"href":"https:\/\/www.caririemacao.com\/1\/wp-json\/wp\/v2\/users\/2"}],"replies":[{"embeddable":true,"href":"https:\/\/www.caririemacao.com\/1\/wp-json\/wp\/v2\/comments?post=37028"}],"version-history":[{"count":0,"href":"https:\/\/www.caririemacao.com\/1\/wp-json\/wp\/v2\/posts\/37028\/revisions"}],"wp:featuredmedia":[{"embeddable":true,"href":"https:\/\/www.caririemacao.com\/1\/wp-json\/wp\/v2\/media\/37029"}],"wp:attachment":[{"href":"https:\/\/www.caririemacao.com\/1\/wp-json\/wp\/v2\/media?parent=37028"}],"wp:term":[{"taxonomy":"category","embeddable":true,"href":"https:\/\/www.caririemacao.com\/1\/wp-json\/wp\/v2\/categories?post=37028"},{"taxonomy":"post_tag","embeddable":true,"href":"https:\/\/www.caririemacao.com\/1\/wp-json\/wp\/v2\/tags?post=37028"}],"curies":[{"name":"wp","href":"https:\/\/api.w.org\/{rel}","templated":true}]}}