{"id":37031,"date":"2018-01-11T10:44:00","date_gmt":"2018-01-11T13:44:00","guid":{"rendered":"http:\/\/caririemacao.com\/1\/?p=37031"},"modified":"2018-01-11T10:44:00","modified_gmt":"2018-01-11T13:44:00","slug":"famup-reune-prefeitos-nesta-quinta-para-discutir-liberacao-de-recursos","status":"publish","type":"post","link":"https:\/\/www.caririemacao.com\/1\/2018\/01\/11\/famup-reune-prefeitos-nesta-quinta-para-discutir-liberacao-de-recursos\/","title":{"rendered":"FAMUP re\u00fane prefeitos nesta quinta para discutir libera\u00e7\u00e3o de recursos"},"content":{"rendered":"<p>Prefeitos de mais de 60 cidades paraibanas se re\u00fanem nesta quinta-feira (11) para cobrar a aprova\u00e7\u00e3o da Medida Provis\u00f3ria (MP) que garantir\u00e1 uma ajuda financeira na ordem de R$ 2 bilh\u00f5es aos munic\u00edpios brasileiros. Promovido pela Federa\u00e7\u00e3o das Associa\u00e7\u00f5es de Munic\u00edpios da Para\u00edba (Famup), o evento acontece \u00e0s 14h, no Hotel Nord Luxor, em Tamba\u00fa, na Capital.<\/p>\n<p>De acordo com o presidente da Famup, Tota Guedes, a Para\u00edba ficar\u00e1 com cerca de R$ 62 milh\u00f5es. \u201cMuitos munic\u00edpios esperavam que o presidente Michel Temer tivesse cumprido com a promessa feita aos prefeitos de ajuda financeira agora em dezembro. Para surpresa de todos, n\u00e3o veio a ajuda financeira. Isso deixou os munic\u00edpios em situa\u00e7\u00e3o muito dif\u00edcil, para cumprir os sal\u00e1rios dezembro, do d\u00e9cimo, e at\u00e9 de fornecedores\u201d, explicou.<\/p>\n<p>Tota Guedes disse esperar que recursos cheguem \u00e0s prefeituras paraibanas entre janeiro e fevereiro.<\/p>\n<p>Na reuni\u00e3o os gestores tra\u00e7ar\u00e3o ainda a programa\u00e7\u00e3o da federa\u00e7\u00e3o para 2018, al\u00e9m de definir formas de mobiliza\u00e7\u00e3o em prol da aprova\u00e7\u00e3o da medida provis\u00f3ria pelo Congresso Nacional.<\/p>\n<p><strong>CARIRI EM A\u00c7\u00c3O<\/strong><\/p>\n<p><em>Com Resumo PB\/Foto: Reprodu\u00e7\u00e3o Internet<\/em><\/p>\n<p><strong>Leia mais not\u00edcias em\u00a0<\/strong><a href=\"http:\/\/www.caririemacao.com\/\"><strong>caririemacao.com<\/strong><\/a><strong>, siga nossa p\u00e1gina no\u00a0<\/strong><a href=\"https:\/\/www.facebook.com\/CaririEmAcao\/?ref=aymt_homepage_panel\"><strong>Facebook<\/strong><\/a>,<strong>\u00a0<\/strong><a href=\"https:\/\/www.instagram.com\/cariri_em_acao\/?hl=pt-br\"><strong>Instagram<\/strong><\/a><strong>\u00a0e <\/strong><a href=\"https:\/\/www.youtube.com\/channel\/UCAptA0jQuYQy8vMhLt2m4qg\"><strong>Youtube<\/strong><\/a><strong>\u00a0e veja nossas mat\u00e9rias, v\u00eddeos e fotos. Voc\u00ea tamb\u00e9m pode enviar informa\u00e7\u00f5es \u00e0 Reda\u00e7\u00e3o do Portal Cariri em A\u00e7\u00e3o pelo WhatsApp (83) 9 9634.5791, (83) 9 9601-1162.<\/strong><\/p>\n","protected":false},"excerpt":{"rendered":"<p>Prefeitos de mais de 60 cidades paraibanas se re\u00fanem nesta quinta-feira (11) para cobrar a aprova\u00e7\u00e3o da Medida Provis\u00f3ria (MP) que garantir\u00e1 uma ajuda financeira&hellip; <\/p>\n","protected":false},"author":2,"featured_media":37032,"comment_status":"closed","ping_status":"closed","sticky":false,"template":"","format":"standard","meta":{"sfsi_plus_gutenberg_text_before_share":"","sfsi_plus_gutenberg_show_text_before_share":"","sfsi_plus_gutenberg_icon_type":"","sfsi_plus_gutenberg_icon_alignemt":"","sfsi_plus_gutenburg_max_per_row":"","footnotes":""},"categories":[11],"tags":[],"class_list":["post-37031","post","type-post","status-publish","format-standard","has-post-thumbnail","hentry","category-politica"],"_links":{"self":[{"href":"https:\/\/www.caririemacao.com\/1\/wp-json\/wp\/v2\/posts\/37031","targetHints":{"allow":["GET"]}}],"collection":[{"href":"https:\/\/www.caririemacao.com\/1\/wp-json\/wp\/v2\/posts"}],"about":[{"href":"https:\/\/www.caririemacao.com\/1\/wp-json\/wp\/v2\/types\/post"}],"author":[{"embeddable":true,"href":"https:\/\/www.caririemacao.com\/1\/wp-json\/wp\/v2\/users\/2"}],"replies":[{"embeddable":true,"href":"https:\/\/www.caririemacao.com\/1\/wp-json\/wp\/v2\/comments?post=37031"}],"version-history":[{"count":0,"href":"https:\/\/www.caririemacao.com\/1\/wp-json\/wp\/v2\/posts\/37031\/revisions"}],"wp:featuredmedia":[{"embeddable":true,"href":"https:\/\/www.caririemacao.com\/1\/wp-json\/wp\/v2\/media\/37032"}],"wp:attachment":[{"href":"https:\/\/www.caririemacao.com\/1\/wp-json\/wp\/v2\/media?parent=37031"}],"wp:term":[{"taxonomy":"category","embeddable":true,"href":"https:\/\/www.caririemacao.com\/1\/wp-json\/wp\/v2\/categories?post=37031"},{"taxonomy":"post_tag","embeddable":true,"href":"https:\/\/www.caririemacao.com\/1\/wp-json\/wp\/v2\/tags?post=37031"}],"curies":[{"name":"wp","href":"https:\/\/api.w.org\/{rel}","templated":true}]}}