{"id":37034,"date":"2018-01-11T10:47:04","date_gmt":"2018-01-11T13:47:04","guid":{"rendered":"http:\/\/caririemacao.com\/1\/?p=37034"},"modified":"2018-01-11T10:47:04","modified_gmt":"2018-01-11T13:47:04","slug":"vacina-de-febre-amarela-com-dose-fracionada-quem-deve-tomar","status":"publish","type":"post","link":"https:\/\/www.caririemacao.com\/1\/2018\/01\/11\/vacina-de-febre-amarela-com-dose-fracionada-quem-deve-tomar\/","title":{"rendered":"Vacina de febre amarela com dose fracionada: quem deve tomar"},"content":{"rendered":"<p>Entre fevereiro e mar\u00e7o deste ano, 75 munic\u00edpios de S\u00e3o Paulo, do Rio de Janeiro e da Bahia v\u00e3o realizar campanhas de\u00a0vacina\u00e7\u00e3o contra a febre amarela\u00a0com doses fracionadas. A decis\u00e3o, segundo o ministro da Sa\u00fade, Ricardo Barros, foi adotada mediante recomenda\u00e7\u00e3o e autoriza\u00e7\u00e3o da\u00a0Organiza\u00e7\u00e3o Mundial da Sa\u00fade (OMS).<\/p>\n<p>O fracionamento nada mais \u00e9 do que a aplica\u00e7\u00e3o de uma dose menor do que a prescrita tradicionalmente.\u00a0Dessa forma, um frasco com cinco doses da vacina padr\u00e3o pode imunizar at\u00e9 25 brasileiros com esse m\u00e9todo.<\/p>\n<p>De acordo com o minist\u00e9rio,\u00a0\u00e9 uma medida preventiva e emergencial adotada em raz\u00e3o do surto da doen\u00e7a no pa\u00eds e que ser\u00e1 implementada em \u00e1reas selecionadas. \u201cA dose fracionada, at\u00e9 o presente momento, tem mostrado exatamente a mesma capacidade de imuniza\u00e7\u00e3o que a integral\u201d, disse o Ricardo Barros. De acordo com ele, n\u00e3o h\u00e1 falta de vacinas.<\/p>\n<p>A dose padr\u00e3o da vacina contra a febre amarela protege uma pessoa por toda a vida, enquanto a fracionada dura por pelo menos oito anos. Estudos em andamento est\u00e3o avaliando os efeitos em longo prazo da dose fracionada. Ou seja, \u00e9 poss\u00edvel que ela nos resguarde por at\u00e9 mais do que oito anos.<\/p>\n<p><strong>Quem deve tomar<\/strong><\/p>\n<p>Ao todo, 19,7 milh\u00f5es de pessoas devem ser imunizadas nos tr\u00eas estados, sendo 15 milh\u00f5es com doses fracionadas e 4,7 milh\u00f5es com a concentra\u00e7\u00e3o padr\u00e3o. Ser\u00e3o priorizadas para as doses completas as crian\u00e7as de 9 meses a 2 anos de idade, pessoas com condi\u00e7\u00f5es cl\u00ednicas especiais como aids, doen\u00e7as hematol\u00f3gicas ou ap\u00f3s t\u00e9rmino de quimioterapia, gestantes (com anu\u00eancia do doutor) e viajantes internacionais, mediante apresenta\u00e7\u00e3o do comprovante de viagem.<\/p>\n<p>J\u00e1 a vers\u00e3o fracionada ser\u00e1 administrada durante esse per\u00edodo a outros brasileiros acima dos 2 anos de idade que estiverem nas \u00e1reas em quest\u00e3o. Sujeitos com mais de 60 anos devem se consultar com o m\u00e9dico antes de tomar a picada.<\/p>\n<p>Qualquer vacina contra a febre amarela permanece contraindicada \u2013 salvo outra orienta\u00e7\u00e3o dos profissionais \u2013 a pacientes imunodeprimidos ou em tratamento contra o c\u00e2ncer, a al\u00e9rgicos a ovo.<\/p>\n<p><strong>Campanhas nos estados<\/strong><\/p>\n<p>No estado de S\u00e3o Paulo, 4,9 milh\u00f5es de pessoas v\u00e3o receber a dose fracionada e 1,4 milh\u00e3o, a dose padr\u00e3o em 52 munic\u00edpios. O per\u00edodo da campanha ser\u00e1 de 3 a 24 de fevereiro, sendo os dias 3 e 24 (s\u00e1bados) os dias D de mobiliza\u00e7\u00e3o. Veja as cidades inclu\u00eddas na campanha:<\/p>\n<p>No Rio de Janeiro, 2,4 milh\u00f5es de pessoas devem receber a dose fracionada e 7,7 milh\u00f5es, a padr\u00e3o em 15 munic\u00edpios. Em raz\u00e3o do carnaval, a campanha acontece entre 19 de fevereiro e 9 de mar\u00e7o, sendo o dia 24 o dia D de mobiliza\u00e7\u00e3o.<\/p>\n<p>J\u00e1 na Bahia, 2,5 milh\u00f5es de pessoas ser\u00e3o vacinadas com a dose fracionada e 813 mil com a dose padr\u00e3o em oito munic\u00edpios. Tamb\u00e9m em raz\u00e3o do carnaval, a campanha ser\u00e1 feita de 19 de fevereiro a 9 de mar\u00e7o, sendo o dia 24 o dia D de mobiliza\u00e7\u00e3o.<\/p>\n<p><strong>CARIRI EM A\u00c7\u00c3O<\/strong><\/p>\n<p><em>Com Sa\u00fade \u00e9 Vital\/Foto: Reprodu\u00e7\u00e3o Internet<\/em><\/p>\n<p><strong>Leia mais not\u00edcias em\u00a0<\/strong><a href=\"http:\/\/www.caririemacao.com\/\"><strong>caririemacao.com<\/strong><\/a><strong>, siga nossa p\u00e1gina no\u00a0<\/strong><a href=\"https:\/\/www.facebook.com\/CaririEmAcao\/?ref=aymt_homepage_panel\"><strong>Facebook<\/strong><\/a>,<strong>\u00a0<\/strong><a href=\"https:\/\/www.instagram.com\/cariri_em_acao\/?hl=pt-br\"><strong>Instagram<\/strong><\/a><strong>\u00a0e <\/strong><a href=\"https:\/\/www.youtube.com\/channel\/UCAptA0jQuYQy8vMhLt2m4qg\"><strong>Youtube<\/strong><\/a><strong>\u00a0e veja nossas mat\u00e9rias, v\u00eddeos e fotos. Voc\u00ea tamb\u00e9m pode enviar informa\u00e7\u00f5es \u00e0 Reda\u00e7\u00e3o do Portal Cariri em A\u00e7\u00e3o pelo WhatsApp (83) 9 9634.5791, (83) 9 9601-1162.<\/strong><\/p>\n","protected":false},"excerpt":{"rendered":"<p>Entre fevereiro e mar\u00e7o deste ano, 75 munic\u00edpios de S\u00e3o Paulo, do Rio de Janeiro e da Bahia v\u00e3o realizar campanhas de\u00a0vacina\u00e7\u00e3o contra a febre&hellip; <\/p>\n","protected":false},"author":2,"featured_media":23862,"comment_status":"closed","ping_status":"closed","sticky":false,"template":"","format":"standard","meta":{"sfsi_plus_gutenberg_text_before_share":"","sfsi_plus_gutenberg_show_text_before_share":"","sfsi_plus_gutenberg_icon_type":"","sfsi_plus_gutenberg_icon_alignemt":"","sfsi_plus_gutenburg_max_per_row":"","footnotes":""},"categories":[16],"tags":[],"class_list":["post-37034","post","type-post","status-publish","format-standard","has-post-thumbnail","hentry","category-saude"],"_links":{"self":[{"href":"https:\/\/www.caririemacao.com\/1\/wp-json\/wp\/v2\/posts\/37034","targetHints":{"allow":["GET"]}}],"collection":[{"href":"https:\/\/www.caririemacao.com\/1\/wp-json\/wp\/v2\/posts"}],"about":[{"href":"https:\/\/www.caririemacao.com\/1\/wp-json\/wp\/v2\/types\/post"}],"author":[{"embeddable":true,"href":"https:\/\/www.caririemacao.com\/1\/wp-json\/wp\/v2\/users\/2"}],"replies":[{"embeddable":true,"href":"https:\/\/www.caririemacao.com\/1\/wp-json\/wp\/v2\/comments?post=37034"}],"version-history":[{"count":0,"href":"https:\/\/www.caririemacao.com\/1\/wp-json\/wp\/v2\/posts\/37034\/revisions"}],"wp:featuredmedia":[{"embeddable":true,"href":"https:\/\/www.caririemacao.com\/1\/wp-json\/wp\/v2\/media\/23862"}],"wp:attachment":[{"href":"https:\/\/www.caririemacao.com\/1\/wp-json\/wp\/v2\/media?parent=37034"}],"wp:term":[{"taxonomy":"category","embeddable":true,"href":"https:\/\/www.caririemacao.com\/1\/wp-json\/wp\/v2\/categories?post=37034"},{"taxonomy":"post_tag","embeddable":true,"href":"https:\/\/www.caririemacao.com\/1\/wp-json\/wp\/v2\/tags?post=37034"}],"curies":[{"name":"wp","href":"https:\/\/api.w.org\/{rel}","templated":true}]}}