{"id":37036,"date":"2018-01-11T11:10:17","date_gmt":"2018-01-11T14:10:17","guid":{"rendered":"http:\/\/caririemacao.com\/1\/?p=37036"},"modified":"2018-01-11T11:10:17","modified_gmt":"2018-01-11T14:10:17","slug":"traicao-de-bolsonaro-faz-patriota-e-livres-mudarem-de-planos","status":"publish","type":"post","link":"https:\/\/www.caririemacao.com\/1\/2018\/01\/11\/traicao-de-bolsonaro-faz-patriota-e-livres-mudarem-de-planos\/","title":{"rendered":"\u2018Trai\u00e7\u00e3o\u2019 de Bolsonaro faz Patriota e Livres mudarem de planos"},"content":{"rendered":"<div class=\"paddle previous loaded\" data-aop=\"paddles_prev\" data-id=\"96\" data-m=\"{&quot;i&quot;:96,&quot;p&quot;:95,&quot;n&quot;:&quot;HeadlineItemViewModel&quot;,&quot;y&quot;:13,&quot;l&quot;:&quot;BBIdFVw&quot;,&quot;h&quot;:0,&quot;v&quot;:&quot;news&quot;,&quot;c&quot;:&quot;newselections&quot;,&quot;o&quot;:1}\"><\/div>\n<article class=\"articlecontent loaded\" tabindex=\"0\" data-aop=\"article\">\n<section class=\"articlebody\" data-aop=\"articlebody\">Perdoa-me por Me Tra\u00edres\u00a0\u00e9 o t\u00edtulo de uma pe\u00e7a do dramaturgo Nelson Rodrigues, escrita em 1957, mas que poderia servir perfeitamente de ep\u00edteto para a situa\u00e7\u00e3o do presidente do PEN-Patriota, Adilson Barroso, e do presidente interino do Livres, Paulo Gontijo. Mesmo que em diferentes n\u00edveis, os dois viram seus projetos pol\u00edticos serem atropelados pelo casamento consumado (express\u00e3o usada pelos pr\u00f3prios envolvidos) entre o deputado Jair Bolsonaro (PSC-RJ) e o PSL, de Luciano Bivar (PE).<\/p>\n<p>Barroso \u00e9 o presidente do PEN-Patriota, que at\u00e9 a semana passada ainda era a legenda escolhida pelo hoje segundo colocado nas pesquisas de inten\u00e7\u00e3o de voto, Jair Bolsonaro, para concorrer \u00e0 Presid\u00eancia da Rep\u00fablica. J\u00e1 o publicit\u00e1rio Gontijo foi al\u00e7ado \u00e0 presid\u00eancia interina do Livres depois que o movimento foi expelido do PSL, onde militavam havia dois anos, por n\u00e3o concordarem com a chegada dele, o Bolsonaro.<\/p>\n<p>Barroso, claramente, n\u00e3o pretende fechar as portas para Bolsonaro. Por isso, quando fala em trai\u00e7\u00e3o, faz quest\u00e3o de ressaltar que a trai\u00e7\u00e3o foi da equipe do deputado. \u201cO Bolsonaro foi enganado por um grupo mal-intencionado que est\u00e1 ao redor dele. Esse grupo n\u00e3o quer eleg\u00ea-lo presidente. O que eles querem \u00e9 tomar um partido. Fui tra\u00eddo pelo grupo dele\u201d, disse.<\/p>\n<p>O presidente do PEN-Patriota se disse aliviado porque j\u00e1 n\u00e3o estava suportando a press\u00e3o do grupo bolsonarista por espa\u00e7os na legenda. \u201cCome\u00e7aram pedindo o controle de cinco Estados. No fim, j\u00e1 estavam com 23 e querendo o Diret\u00f3rio Nacional.\u201d<\/p>\n<p>Ainda assim, Barroso sinalizou com a possibilidade de receber Bolsonaro de volta \u2013 caso o casamento com o PSL n\u00e3o seja assim t\u00e3o feliz. \u201cAqui ainda tem vaga para ele. Mas com a condi\u00e7\u00e3o de ter o controle pol\u00edtico do partido. Aqui, eu digo, ele pode ter a legenda \u2013 isso se nenhuma den\u00fancia pegar nele.\u201d<\/p>\n<p>Ou seja, Barroso n\u00e3o acreditou que o casamento do deputado com o PSL possa vingar. \u201cJ\u00e1 tem muito arranh\u00e3o l\u00e1 no PSL. Eles (<em>o grupo do Bolsonaro<\/em>) v\u00e3o pedir tudo e vai dar briga. Aqui no Patriota n\u00f3s temos uma unidade grande. Aqui, quando eu falo \u2018a\u2019 \u00e9 \u2018a\u2019. Aqui, quando eu falo \u2018voc\u00ea ser\u00e1 candidato\u2019, todos acompanham. No PSL metade \u00e9 contra o Bolsonaro, metade \u00e9 a favor. No Patriota n\u00e3o tem essa quest\u00e3o de maioria, aqui tem unanimidade.\u201d<\/p>\n<p>Barroso prev\u00ea que a candidatura Bolsonaro pode cair no colo de outra legenda. \u201cN\u00e3o sou profeta, sou t\u00e9cnico. E acho que \u00e9 o que provavelmente vai acontecer\u201d, afirmou.<\/p>\n<p><strong>Gosto amargo.<\/strong>\u00a0J\u00e1 Gontijo, dos Livres, admitiu que no c\u00e1lculo de Bivar, presidente do PSL, teve um qu\u00ea de pragmatismo eleitoral, mas que \u201cchegou com gosto de trai\u00e7\u00e3o\u201d. \u201cFoi um trabalho desenvolvido ao longo de dois anos, t\u00ednhamos o controle de 12 Estados, da funda\u00e7\u00e3o e da comunica\u00e7\u00e3o. Todas essas coisas s\u00e3o marcos de um trabalho bem-feito. Quando tudo isso muda em quest\u00e3o de dias n\u00e3o d\u00e1 para dizer que n\u00e3o fica um gosto amargo.\u201d<\/p>\n<p>Apesar do amargor, Gontijo \u00e9 otimista. Ele viu as redes sociais do Livres crescer em uma semana o que crescia em seis e tem recebido a solidariedade de partidos como Novo, Rede e PPS. \u201cAinda n\u00e3o definimos se os candidatos do Livres v\u00e3o sair por um partido ou espalhados por v\u00e1rios.\u201d<\/p>\n<div id=\"aol_outstream_article\" data-bcid=\"56603651bbe5bf10d057f868\" data-id=\"102\" data-m=\"{&quot;i&quot;:102,&quot;p&quot;:95,&quot;n&quot;:&quot;aol-article-inlineOutstreamAd&quot;,&quot;t&quot;:&quot;AolInlineOutstreamAd&quot;,&quot;o&quot;:7}\">\n<div id=\"590760c31de5a10537b6f1b3\" class=\"vdb_player \">\n<div>\u00a0A assessoria do deputado Bolsonaro foi procurada, mas n\u00e3o se manifestou. Bivar, do PSL, foi procurado, mas tamb\u00e9m n\u00e3o respondeu \u00e0 reportagem.<\/div>\n<div>\n<p><strong>CARIRI EM A\u00c7\u00c3O<\/strong><\/p>\n<p><em>Com Estad\u00e3o\/Foto: Reprodu\u00e7\u00e3o Internet<\/em><\/p>\n<p><strong>Leia mais not\u00edcias em\u00a0<\/strong><a href=\"http:\/\/www.caririemacao.com\/\"><strong>caririemacao.com<\/strong><\/a><strong>, siga nossa p\u00e1gina no\u00a0<\/strong><a href=\"https:\/\/www.facebook.com\/CaririEmAcao\/?ref=aymt_homepage_panel\"><strong>Facebook<\/strong><\/a>,<strong>\u00a0<\/strong><a href=\"https:\/\/www.instagram.com\/cariri_em_acao\/?hl=pt-br\"><strong>Instagram<\/strong><\/a><strong>\u00a0e <\/strong><a href=\"https:\/\/www.youtube.com\/channel\/UCAptA0jQuYQy8vMhLt2m4qg\"><strong>Youtube<\/strong><\/a><strong>\u00a0e veja nossas mat\u00e9rias, v\u00eddeos e fotos. Voc\u00ea tamb\u00e9m pode enviar informa\u00e7\u00f5es \u00e0 Reda\u00e7\u00e3o do Portal Cariri em A\u00e7\u00e3o pelo WhatsApp (83) 9 9634.5791, (83) 9 9601-1162.<\/strong><\/p>\n<\/div>\n<\/div>\n<\/div>\n<\/section>\n<\/article>\n","protected":false},"excerpt":{"rendered":"<p>Perdoa-me por Me Tra\u00edres\u00a0\u00e9 o t\u00edtulo de uma pe\u00e7a do dramaturgo Nelson Rodrigues, escrita em 1957, mas que poderia servir perfeitamente de ep\u00edteto para a&hellip; <\/p>\n","protected":false},"author":2,"featured_media":37037,"comment_status":"closed","ping_status":"closed","sticky":false,"template":"","format":"standard","meta":{"sfsi_plus_gutenberg_text_before_share":"","sfsi_plus_gutenberg_show_text_before_share":"","sfsi_plus_gutenberg_icon_type":"","sfsi_plus_gutenberg_icon_alignemt":"","sfsi_plus_gutenburg_max_per_row":"","footnotes":""},"categories":[11],"tags":[],"class_list":["post-37036","post","type-post","status-publish","format-standard","has-post-thumbnail","hentry","category-politica"],"_links":{"self":[{"href":"https:\/\/www.caririemacao.com\/1\/wp-json\/wp\/v2\/posts\/37036","targetHints":{"allow":["GET"]}}],"collection":[{"href":"https:\/\/www.caririemacao.com\/1\/wp-json\/wp\/v2\/posts"}],"about":[{"href":"https:\/\/www.caririemacao.com\/1\/wp-json\/wp\/v2\/types\/post"}],"author":[{"embeddable":true,"href":"https:\/\/www.caririemacao.com\/1\/wp-json\/wp\/v2\/users\/2"}],"replies":[{"embeddable":true,"href":"https:\/\/www.caririemacao.com\/1\/wp-json\/wp\/v2\/comments?post=37036"}],"version-history":[{"count":0,"href":"https:\/\/www.caririemacao.com\/1\/wp-json\/wp\/v2\/posts\/37036\/revisions"}],"wp:featuredmedia":[{"embeddable":true,"href":"https:\/\/www.caririemacao.com\/1\/wp-json\/wp\/v2\/media\/37037"}],"wp:attachment":[{"href":"https:\/\/www.caririemacao.com\/1\/wp-json\/wp\/v2\/media?parent=37036"}],"wp:term":[{"taxonomy":"category","embeddable":true,"href":"https:\/\/www.caririemacao.com\/1\/wp-json\/wp\/v2\/categories?post=37036"},{"taxonomy":"post_tag","embeddable":true,"href":"https:\/\/www.caririemacao.com\/1\/wp-json\/wp\/v2\/tags?post=37036"}],"curies":[{"name":"wp","href":"https:\/\/api.w.org\/{rel}","templated":true}]}}