{"id":37039,"date":"2018-01-11T11:15:04","date_gmt":"2018-01-11T14:15:04","guid":{"rendered":"http:\/\/caririemacao.com\/1\/?p=37039"},"modified":"2018-01-11T11:15:04","modified_gmt":"2018-01-11T14:15:04","slug":"governo-investe-mais-de-r-5-milhoes-em-viaturas-e-equipamentos-para-agentes-penitenciarios","status":"publish","type":"post","link":"https:\/\/www.caririemacao.com\/1\/2018\/01\/11\/governo-investe-mais-de-r-5-milhoes-em-viaturas-e-equipamentos-para-agentes-penitenciarios\/","title":{"rendered":"Governo investe mais de R$ 5 milh\u00f5es em viaturas e equipamentos para agentes penitenci\u00e1rios"},"content":{"rendered":"<p>O Governo do Estado, por meio da Secretaria de Administra\u00e7\u00e3o Penitenci\u00e1ria (Seap), est\u00e1 investindo mais de R$ 5 milh\u00f5es na aquisi\u00e7\u00e3o de equipamentos de comunica\u00e7\u00e3o, fardamento e coletes bal\u00edsticos para os Agentes de Seguran\u00e7a Penitenci\u00e1ria, al\u00e9m de viaturas. Cerca de 50% dos investimentos s\u00e3o recursos pr\u00f3prios da Seap (R$ 2,4 milh\u00f5es).<\/p>\n<p>Na tarde dessa quarta-feira (10), o secret\u00e1rio Wagner Dorta esteve reunido com diretores de penitenci\u00e1rias, que receberam explica\u00e7\u00f5es do engenheiro da empresa Motorola, Emerson Beluci, sobre o funcionamento dos 396 r\u00e1dios de comunica\u00e7\u00e3o port\u00e1teis e fixos, com tecnologia de \u00faltima gera\u00e7\u00e3o. O moderno sistema de r\u00e1dio digital, j\u00e1 em uso pelas Pol\u00edcias Civil e Militar do Estado, \u00e9 utilizado pelas pol\u00edcias de todo o mundo. Os r\u00e1dios custaram R$ 540 mil.<\/p>\n<p>O secret\u00e1rio Wagner Dorta destaca que pela primeira vez a Seap adquire com recursos pr\u00f3prios r\u00e1dios de comunica\u00e7\u00e3o de tecnologia avan\u00e7ada. At\u00e9 ent\u00e3o, os r\u00e1dios utilizados no sistema prisional eram locados, estavam ultrapassados e por isso o investimento na compra de novos e modernos equipamentos de comunica\u00e7\u00e3o, que passar\u00e3o a ser usados em breve.<\/p>\n<p>De acordo com o\u00a0 gestor \u00e9 mais um avan\u00e7o do Governo Estado e a Secretaria de Administra\u00e7\u00e3o Penitenci\u00e1ria, desde o in\u00edcio, foi parceira da Secretaria de Estado da Seguran\u00e7a e Defesa Social na licita\u00e7\u00e3o e na aquisi\u00e7\u00e3o desses equipamentos. \u201cA Seap Para\u00edba entra tamb\u00e9m no mundo da alta tecnologia. N\u00f3s temos plena consci\u00eancia que esses r\u00e1dios s\u00e3o os melhores utilizados pelas melhores for\u00e7as policiais do mundo, portanto \u00e9 um avan\u00e7o sem precedentes que ajudar\u00e1 bastante na operacionalidade das unidades prisionais\u201d, pontuou.<\/p>\n<p>Wagner Dorta acrescenta que quando assumiu a Seap, h\u00e1 3 anos, a frota da Secretaria era em torno de 25 viaturas, hoje s\u00e3o 70 ve\u00edculos. Agora, mais dez viaturas de grande porte para transportes de apenados est\u00e3o sendo adquiridas com investimentos de R$ 2,9 milh\u00f5es, recursos do Fundo Penitenci\u00e1rio Nacional (Funpen). Cada unidade custa R$ 294,7 mil. \u201cAl\u00e9m disto, com recursos pr\u00f3prios, n\u00f3s estamos recebendo os fardamentos (camisas, cal\u00e7as e coturnos). S\u00e3o 1.846 cal\u00e7as e 3.692 camisas, al\u00e9m de 1.846 coturnos. Estamos investindo 1,5 milh\u00e3o de reais na aquisi\u00e7\u00e3o de 1.495 coletes bal\u00edsticos. Adquirimos tamb\u00e9m\u00a0 equipamentos eletr\u00f4nicos de revistas nas unidades prisionais, portanto, \u00e9 uma s\u00e9rie de investimentos que o Governo da Para\u00edba, por meio da Seap est\u00e1 realizando\u201d, concluiu Wagner Dorta.<\/p>\n<p>Al\u00e9m dos 396 r\u00e1dios modelos MTP-3250 (port\u00e1teis) e MTM-5400 (fixos) j\u00e1 entregues pela Motorola, a Seap est\u00e1 realizando licita\u00e7\u00e3o para aquisi\u00e7\u00e3o de mais 100 r\u00e1dios, revelou Lucas Oliveira, gerente administrativo da Seap e gestor do Fundo de Recupera\u00e7\u00e3o dos Presidi\u00e1rios (FRP).<\/p>\n<p><strong>CARIRI EM A\u00c7\u00c3O<\/strong><\/p>\n<p><em>Com Secom\/Foto: Reprodu\u00e7\u00e3o Internet\u00a0<\/em><\/p>\n<p><strong>Leia mais not\u00edcias em\u00a0<\/strong><a href=\"http:\/\/www.caririemacao.com\/\"><strong>caririemacao.com<\/strong><\/a><strong>, siga nossa p\u00e1gina no\u00a0<\/strong><a href=\"https:\/\/www.facebook.com\/CaririEmAcao\/?ref=aymt_homepage_panel\"><strong>Facebook<\/strong><\/a>,<strong>\u00a0<\/strong><a href=\"https:\/\/www.instagram.com\/cariri_em_acao\/?hl=pt-br\"><strong>Instagram<\/strong><\/a><strong>\u00a0e <\/strong><a href=\"https:\/\/www.youtube.com\/channel\/UCAptA0jQuYQy8vMhLt2m4qg\"><strong>Youtube<\/strong><\/a><strong>\u00a0e veja nossas mat\u00e9rias, v\u00eddeos e fotos. Voc\u00ea tamb\u00e9m pode enviar informa\u00e7\u00f5es \u00e0 Reda\u00e7\u00e3o do Portal Cariri em A\u00e7\u00e3o pelo WhatsApp (83) 9 9634.5791, (83) 9 9601-1162.<\/strong><\/p>\n","protected":false},"excerpt":{"rendered":"<p>O Governo do Estado, por meio da Secretaria de Administra\u00e7\u00e3o Penitenci\u00e1ria (Seap), est\u00e1 investindo mais de R$ 5 milh\u00f5es na aquisi\u00e7\u00e3o de equipamentos de comunica\u00e7\u00e3o,&hellip; <\/p>\n","protected":false},"author":2,"featured_media":37040,"comment_status":"closed","ping_status":"closed","sticky":false,"template":"","format":"standard","meta":{"sfsi_plus_gutenberg_text_before_share":"","sfsi_plus_gutenberg_show_text_before_share":"","sfsi_plus_gutenberg_icon_type":"","sfsi_plus_gutenberg_icon_alignemt":"","sfsi_plus_gutenburg_max_per_row":"","footnotes":""},"categories":[11],"tags":[],"class_list":["post-37039","post","type-post","status-publish","format-standard","has-post-thumbnail","hentry","category-politica"],"_links":{"self":[{"href":"https:\/\/www.caririemacao.com\/1\/wp-json\/wp\/v2\/posts\/37039","targetHints":{"allow":["GET"]}}],"collection":[{"href":"https:\/\/www.caririemacao.com\/1\/wp-json\/wp\/v2\/posts"}],"about":[{"href":"https:\/\/www.caririemacao.com\/1\/wp-json\/wp\/v2\/types\/post"}],"author":[{"embeddable":true,"href":"https:\/\/www.caririemacao.com\/1\/wp-json\/wp\/v2\/users\/2"}],"replies":[{"embeddable":true,"href":"https:\/\/www.caririemacao.com\/1\/wp-json\/wp\/v2\/comments?post=37039"}],"version-history":[{"count":0,"href":"https:\/\/www.caririemacao.com\/1\/wp-json\/wp\/v2\/posts\/37039\/revisions"}],"wp:featuredmedia":[{"embeddable":true,"href":"https:\/\/www.caririemacao.com\/1\/wp-json\/wp\/v2\/media\/37040"}],"wp:attachment":[{"href":"https:\/\/www.caririemacao.com\/1\/wp-json\/wp\/v2\/media?parent=37039"}],"wp:term":[{"taxonomy":"category","embeddable":true,"href":"https:\/\/www.caririemacao.com\/1\/wp-json\/wp\/v2\/categories?post=37039"},{"taxonomy":"post_tag","embeddable":true,"href":"https:\/\/www.caririemacao.com\/1\/wp-json\/wp\/v2\/tags?post=37039"}],"curies":[{"name":"wp","href":"https:\/\/api.w.org\/{rel}","templated":true}]}}