{"id":37042,"date":"2018-01-11T11:17:58","date_gmt":"2018-01-11T14:17:58","guid":{"rendered":"http:\/\/caririemacao.com\/1\/?p=37042"},"modified":"2018-01-11T11:17:58","modified_gmt":"2018-01-11T14:17:58","slug":"paraiba-tera-mobilizacoes-em-defesa-de-lula-no-sabado","status":"publish","type":"post","link":"https:\/\/www.caririemacao.com\/1\/2018\/01\/11\/paraiba-tera-mobilizacoes-em-defesa-de-lula-no-sabado\/","title":{"rendered":"Para\u00edba ter\u00e1 mobiliza\u00e7\u00f5es em defesa de Lula no s\u00e1bado"},"content":{"rendered":"<p>A Para\u00edba ter\u00e1 mobiliza\u00e7\u00f5es no dia 13 deste m\u00eas, em Jo\u00e3o Pessoa e Campina Grande, em favor do ex-presidente Lula, para que ele seja candidato \u00e0 Presid\u00eancia da Rep\u00fablica nas elei\u00e7\u00f5es de outubro. O petista ser\u00e1 julgado no pr\u00f3ximo dia 24,\u00a0pelo Tribunal Regional Federal da 4a. Regi\u00e3o, em Porto Alegre, em processo relativo \u00e0 Opera\u00e7\u00e3o Lava Jato.<\/p>\n<p>Os protestos s\u00e3o organizados pelo PT, outros partidos progressistas e pela Frente Brasil Popular.\u00a0Em Campina Grande o evento ocorrer\u00e1 \u00e0s 9h na Pra\u00e7a da Bandeira. Em Jo\u00e3o Pessoa, \u00e0 partir das 18 horas ser\u00e1 realizada uma Aula P\u00fablica, na Pra\u00e7a da Paz, nos Banc\u00e1rios, a ser ministrada por professores da UFPB.<\/p>\n<p>Os atos contar\u00e3o com a presen\u00e7a de sindicalistas, lideran\u00e7as dos movimentos sociais, parlamentares paraibanos, partidos pol\u00edticos progressistas, al\u00e9m da presen\u00e7a do senador Lindbergh Farias (PT\/RJ).<\/p>\n<p>De acordo com o presidente do PT da Para\u00edba, Jackson Mac\u00eado, os atos n\u00e3o ser\u00e3o de manifesta\u00e7\u00e3o de voto em Lula e, sim, em defesa do direito de Lula ser candidato. Jackson acredita que \u00e9 necess\u00e1rio que os militantes progressistas estejam mobilizados, acompanhando o julgamento pelo TRF4.<\/p>\n<p><strong>CARIRI EM A\u00c7\u00c3O<\/strong><\/p>\n<p><em>Com MaisPB \/Foto: Reprodu\u00e7\u00e3o Internet<\/em><\/p>\n<p><strong>Leia mais not\u00edcias em\u00a0<\/strong><a href=\"http:\/\/www.caririemacao.com\/\"><strong>caririemacao.com<\/strong><\/a><strong>, siga nossa p\u00e1gina no\u00a0<\/strong><a href=\"https:\/\/www.facebook.com\/CaririEmAcao\/?ref=aymt_homepage_panel\"><strong>Facebook<\/strong><\/a>,<strong>\u00a0<\/strong><a href=\"https:\/\/www.instagram.com\/cariri_em_acao\/?hl=pt-br\"><strong>Instagram<\/strong><\/a><strong>\u00a0e <\/strong><a href=\"https:\/\/www.youtube.com\/channel\/UCAptA0jQuYQy8vMhLt2m4qg\"><strong>Youtube<\/strong><\/a><strong>\u00a0e veja nossas mat\u00e9rias, v\u00eddeos e fotos. Voc\u00ea tamb\u00e9m pode enviar informa\u00e7\u00f5es \u00e0 Reda\u00e7\u00e3o do Portal Cariri em A\u00e7\u00e3o pelo WhatsApp (83) 9 9634.5791, (83) 9 9601-1162.<\/strong><\/p>\n","protected":false},"excerpt":{"rendered":"<p>A Para\u00edba ter\u00e1 mobiliza\u00e7\u00f5es no dia 13 deste m\u00eas, em Jo\u00e3o Pessoa e Campina Grande, em favor do ex-presidente Lula, para que ele seja candidato&hellip; <\/p>\n","protected":false},"author":2,"featured_media":16950,"comment_status":"closed","ping_status":"closed","sticky":false,"template":"","format":"standard","meta":{"sfsi_plus_gutenberg_text_before_share":"","sfsi_plus_gutenberg_show_text_before_share":"","sfsi_plus_gutenberg_icon_type":"","sfsi_plus_gutenberg_icon_alignemt":"","sfsi_plus_gutenburg_max_per_row":"","footnotes":""},"categories":[11],"tags":[],"class_list":["post-37042","post","type-post","status-publish","format-standard","has-post-thumbnail","hentry","category-politica"],"_links":{"self":[{"href":"https:\/\/www.caririemacao.com\/1\/wp-json\/wp\/v2\/posts\/37042","targetHints":{"allow":["GET"]}}],"collection":[{"href":"https:\/\/www.caririemacao.com\/1\/wp-json\/wp\/v2\/posts"}],"about":[{"href":"https:\/\/www.caririemacao.com\/1\/wp-json\/wp\/v2\/types\/post"}],"author":[{"embeddable":true,"href":"https:\/\/www.caririemacao.com\/1\/wp-json\/wp\/v2\/users\/2"}],"replies":[{"embeddable":true,"href":"https:\/\/www.caririemacao.com\/1\/wp-json\/wp\/v2\/comments?post=37042"}],"version-history":[{"count":0,"href":"https:\/\/www.caririemacao.com\/1\/wp-json\/wp\/v2\/posts\/37042\/revisions"}],"wp:featuredmedia":[{"embeddable":true,"href":"https:\/\/www.caririemacao.com\/1\/wp-json\/wp\/v2\/media\/16950"}],"wp:attachment":[{"href":"https:\/\/www.caririemacao.com\/1\/wp-json\/wp\/v2\/media?parent=37042"}],"wp:term":[{"taxonomy":"category","embeddable":true,"href":"https:\/\/www.caririemacao.com\/1\/wp-json\/wp\/v2\/categories?post=37042"},{"taxonomy":"post_tag","embeddable":true,"href":"https:\/\/www.caririemacao.com\/1\/wp-json\/wp\/v2\/tags?post=37042"}],"curies":[{"name":"wp","href":"https:\/\/api.w.org\/{rel}","templated":true}]}}