{"id":37047,"date":"2018-01-11T11:28:26","date_gmt":"2018-01-11T14:28:26","guid":{"rendered":"http:\/\/caririemacao.com\/1\/?p=37047"},"modified":"2018-01-11T11:28:26","modified_gmt":"2018-01-11T14:28:26","slug":"efraim-filho-diz-que-candidatura-de-rodrigo-maia-a-presidencia-e-uma-realidade-esta-na-rua-ja","status":"publish","type":"post","link":"https:\/\/www.caririemacao.com\/1\/2018\/01\/11\/efraim-filho-diz-que-candidatura-de-rodrigo-maia-a-presidencia-e-uma-realidade-esta-na-rua-ja\/","title":{"rendered":"Efraim Filho diz que candidatura de Rodrigo Maia \u00e0 Presid\u00eancia \u00e9 uma realidade: \u201cEst\u00e1 na rua j\u00e1\u201d"},"content":{"rendered":"<p>O deputado federal paraibano e l\u00edder do DEM na C\u00e2mara Federal, Efraim Filho, disse \u00e0 Reuters que a candidatura do presidente da C\u00e2mara, Rodrigo Maia (DEM-RJ), \u00e0 Presid\u00eancia da Rep\u00fablica \u00e9 uma realidade. Expectativa \u00e9 de que nome seja apresentado para o pleito na conven\u00e7\u00e3o nacional do partido, que acontecer\u00e1 em 28 de fevereiro.<\/p>\n<p>\u201cA candidatura \u00e9 uma realidade. O momento ainda n\u00e3o est\u00e1 totalmente definido, mas a conven\u00e7\u00e3o \u00e9 o local ideal, com todo partido reunido. A pr\u00e9-candidatura est\u00e1 na rua j\u00e1\u201d, afirmou.<\/p>\n<p>O DEM tenta desde o ano passado viabilizar uma candidatura pr\u00f3pria ao Planalto. Efraim\u00a0integra o coro de democratas que trabalha pela valoriza\u00e7\u00e3o do nome de Maia\u00a0para a disputa. Para o paraibano, a postula\u00e7\u00e3o do presidente da C\u00e2mara ser\u00e1 capaz de unificar o pa\u00eds.<\/p>\n<p>\u201cA candidatura do Rodrigo n\u00e3o \u00e9 personalista, \u00e9 um conceito. E vai crescer o conceito de candidatura de centro, agregadora, para unificar o pa\u00eds\u201d, declarou.<\/p>\n<p><strong>CARIRI EM A\u00c7\u00c3O<\/strong><\/p>\n<p><em>Com Blog do Gordinho\/Foto: Reprodu\u00e7\u00e3o Internet<\/em><\/p>\n<p><strong>Leia mais not\u00edcias em\u00a0<\/strong><a href=\"http:\/\/www.caririemacao.com\/\"><strong>caririemacao.com<\/strong><\/a><strong>, siga nossa p\u00e1gina no\u00a0<\/strong><a href=\"https:\/\/www.facebook.com\/CaririEmAcao\/?ref=aymt_homepage_panel\"><strong>Facebook<\/strong><\/a>,<strong>\u00a0<\/strong><a href=\"https:\/\/www.instagram.com\/cariri_em_acao\/?hl=pt-br\"><strong>Instagram<\/strong><\/a><strong>\u00a0e <\/strong><a href=\"https:\/\/www.youtube.com\/channel\/UCAptA0jQuYQy8vMhLt2m4qg\"><strong>Youtube<\/strong><\/a><strong>\u00a0e veja nossas mat\u00e9rias, v\u00eddeos e fotos. Voc\u00ea tamb\u00e9m pode enviar informa\u00e7\u00f5es \u00e0 Reda\u00e7\u00e3o do Portal Cariri em A\u00e7\u00e3o pelo WhatsApp (83) 9 9634.5791, (83) 9 9601-1162.<\/strong><\/p>\n","protected":false},"excerpt":{"rendered":"<p>O deputado federal paraibano e l\u00edder do DEM na C\u00e2mara Federal, Efraim Filho, disse \u00e0 Reuters que a candidatura do presidente da C\u00e2mara, Rodrigo Maia&hellip; <\/p>\n","protected":false},"author":2,"featured_media":37048,"comment_status":"closed","ping_status":"closed","sticky":false,"template":"","format":"standard","meta":{"sfsi_plus_gutenberg_text_before_share":"","sfsi_plus_gutenberg_show_text_before_share":"","sfsi_plus_gutenberg_icon_type":"","sfsi_plus_gutenberg_icon_alignemt":"","sfsi_plus_gutenburg_max_per_row":"","footnotes":""},"categories":[1],"tags":[],"class_list":["post-37047","post","type-post","status-publish","format-standard","has-post-thumbnail","hentry","category-o-site"],"_links":{"self":[{"href":"https:\/\/www.caririemacao.com\/1\/wp-json\/wp\/v2\/posts\/37047","targetHints":{"allow":["GET"]}}],"collection":[{"href":"https:\/\/www.caririemacao.com\/1\/wp-json\/wp\/v2\/posts"}],"about":[{"href":"https:\/\/www.caririemacao.com\/1\/wp-json\/wp\/v2\/types\/post"}],"author":[{"embeddable":true,"href":"https:\/\/www.caririemacao.com\/1\/wp-json\/wp\/v2\/users\/2"}],"replies":[{"embeddable":true,"href":"https:\/\/www.caririemacao.com\/1\/wp-json\/wp\/v2\/comments?post=37047"}],"version-history":[{"count":0,"href":"https:\/\/www.caririemacao.com\/1\/wp-json\/wp\/v2\/posts\/37047\/revisions"}],"wp:featuredmedia":[{"embeddable":true,"href":"https:\/\/www.caririemacao.com\/1\/wp-json\/wp\/v2\/media\/37048"}],"wp:attachment":[{"href":"https:\/\/www.caririemacao.com\/1\/wp-json\/wp\/v2\/media?parent=37047"}],"wp:term":[{"taxonomy":"category","embeddable":true,"href":"https:\/\/www.caririemacao.com\/1\/wp-json\/wp\/v2\/categories?post=37047"},{"taxonomy":"post_tag","embeddable":true,"href":"https:\/\/www.caririemacao.com\/1\/wp-json\/wp\/v2\/tags?post=37047"}],"curies":[{"name":"wp","href":"https:\/\/api.w.org\/{rel}","templated":true}]}}