{"id":37050,"date":"2018-01-11T11:44:43","date_gmt":"2018-01-11T14:44:43","guid":{"rendered":"http:\/\/caririemacao.com\/1\/?p=37050"},"modified":"2018-01-11T11:45:23","modified_gmt":"2018-01-11T14:45:23","slug":"festa-do-padroeiro-sao-sebastiao-tem-atracoes-para-todos-os-publicos","status":"publish","type":"post","link":"https:\/\/www.caririemacao.com\/1\/2018\/01\/11\/festa-do-padroeiro-sao-sebastiao-tem-atracoes-para-todos-os-publicos\/","title":{"rendered":"Festa do Padroeiro S\u00e3o Sebasti\u00e3o tem atra\u00e7\u00f5es para todos os p\u00fablicos"},"content":{"rendered":"<div>A contagem regressiva agora e \u00e9 em horas. Come\u00e7a nesta quinta-feira, 11, a 106\u00b0 Festa de S\u00e3o Sebasti\u00e3o no munic\u00edpio de S\u00e3o Sebasti\u00e3o do Umbuzeiro, no interior da Para\u00edba. A festa \u00e9 considerada o maior evento de padroeiro do Nordeste.<\/div>\n<div><\/div>\n<div>Com os \u00faltimos detalhes ficando prontos e uma mega estrutura de palco, som, ilumina\u00e7\u00e3o e ornamenta\u00e7\u00e3o sendo montada, a Festa de S\u00e3o Sebasti\u00e3o atrair\u00e1 um p\u00fablico estimando em mais de 50 mil pessoas durante os 10 dias festas.<\/div>\n<div><\/div>\n<div>S\u00e3o mais de 20 atra\u00e7\u00f5es musicais para todos os p\u00fablicos, al\u00e9m de um mega esquema de seguran\u00e7a durante todos os dias de festa.<\/div>\n<div><\/div>\n<div>O Prefeito Adriano Wolff disse que a popula\u00e7\u00e3o aguarda com grande expectativa para o in\u00edcio de mais uma \u201cFesta de Janeiro\u201d, e que v\u00e1rios turistas j\u00e1 se encontram na cidade.<\/div>\n<div><\/div>\n<div>\u201c\u00c9 uma grande festa, e a popula\u00e7\u00e3o est\u00e1 ansiosa para o in\u00edcio desse evento, que al\u00e9m de promover lazer e divers\u00e3o, \u00e9 uma oportunidade de rever amigos e de encontro de fam\u00edlias\u201d, disse o prefeito.<\/div>\n<div><\/div>\n<div>Adriano ressaltou ainda que toda estrutura da festa j\u00e1 est\u00e1 sendo finalizada, e que a estrutura de palco, som e ilumina\u00e7\u00e3o ser\u00e1 a mesma todos os dias, com total apoio da prefeitura municipal.<\/div>\n<div><\/div>\n<div>\u201cO palco do nosso evento \u00e9 o mesmo do Festival de Inverno de Garanhuns, e essa estrutura ser\u00e1 a mesma para todos os dias\u201d, disse.<\/div>\n<div><\/div>\n<div>O gestor aproveitou ainda para convidar toda popula\u00e7\u00e3o e circunvizinhas para participar do evento, e agradecer a Par\u00f3quia de S\u00e3o Sebasti\u00e3o, aos noiteiros e a comiss\u00e3o organizadora por todo empenho.<\/div>\n<div><\/div>\n<div>A primeira noite da festa ter\u00e1 in\u00edcio \u00e0s 22h com shows musicais de Nando Souza e Forr\u00f3 Beleza, e Laerte Lins. A noite deste dia 11 \u00e9 dedicada ao Ter\u00e7o dos Homens e tem como respons\u00e1vel Pap\u00e1, Irenio e Fam\u00edlia.<\/div>\n<div><\/div>\n<div>Muitas novidades e surpresas ainda vir\u00e3o durante o evento.<\/div>\n<div>\n<p><strong>CARIRI EM A\u00c7\u00c3O<\/strong><\/p>\n<p><em>Com Cariri da Gente\/Foto: Cariri em A\u00e7\u00e3o\u00a0 \u00a0<\/em><\/p>\n<p><strong>Leia mais not\u00edcias em\u00a0<\/strong><a href=\"http:\/\/www.caririemacao.com\/\"><strong>caririemacao.com<\/strong><\/a><strong>, siga nossa p\u00e1gina no\u00a0<\/strong><a href=\"https:\/\/www.facebook.com\/CaririEmAcao\/?ref=aymt_homepage_panel\"><strong>Facebook<\/strong><\/a>,<strong>\u00a0<\/strong><a href=\"https:\/\/www.instagram.com\/cariri_em_acao\/?hl=pt-br\"><strong>Instagram<\/strong><\/a><strong>\u00a0e <\/strong><a href=\"https:\/\/www.youtube.com\/channel\/UCAptA0jQuYQy8vMhLt2m4qg\"><strong>Youtube<\/strong><\/a><strong>\u00a0e veja nossas mat\u00e9rias, v\u00eddeos e fotos. Voc\u00ea tamb\u00e9m pode enviar informa\u00e7\u00f5es \u00e0 Reda\u00e7\u00e3o do Portal Cariri em A\u00e7\u00e3o pelo WhatsApp (83) 9 9634.5791, (83) 9 9601-1162.<\/strong><\/p>\n<\/div>\n","protected":false},"excerpt":{"rendered":"<p>A contagem regressiva agora e \u00e9 em horas. Come\u00e7a nesta quinta-feira, 11, a 106\u00b0 Festa de S\u00e3o Sebasti\u00e3o no munic\u00edpio de S\u00e3o Sebasti\u00e3o do Umbuzeiro,&hellip; <\/p>\n","protected":false},"author":2,"featured_media":37051,"comment_status":"closed","ping_status":"closed","sticky":false,"template":"","format":"standard","meta":{"sfsi_plus_gutenberg_text_before_share":"","sfsi_plus_gutenberg_show_text_before_share":"","sfsi_plus_gutenberg_icon_type":"","sfsi_plus_gutenberg_icon_alignemt":"","sfsi_plus_gutenburg_max_per_row":"","footnotes":""},"categories":[6],"tags":[],"class_list":["post-37050","post","type-post","status-publish","format-standard","has-post-thumbnail","hentry","category-cidades"],"_links":{"self":[{"href":"https:\/\/www.caririemacao.com\/1\/wp-json\/wp\/v2\/posts\/37050","targetHints":{"allow":["GET"]}}],"collection":[{"href":"https:\/\/www.caririemacao.com\/1\/wp-json\/wp\/v2\/posts"}],"about":[{"href":"https:\/\/www.caririemacao.com\/1\/wp-json\/wp\/v2\/types\/post"}],"author":[{"embeddable":true,"href":"https:\/\/www.caririemacao.com\/1\/wp-json\/wp\/v2\/users\/2"}],"replies":[{"embeddable":true,"href":"https:\/\/www.caririemacao.com\/1\/wp-json\/wp\/v2\/comments?post=37050"}],"version-history":[{"count":0,"href":"https:\/\/www.caririemacao.com\/1\/wp-json\/wp\/v2\/posts\/37050\/revisions"}],"wp:featuredmedia":[{"embeddable":true,"href":"https:\/\/www.caririemacao.com\/1\/wp-json\/wp\/v2\/media\/37051"}],"wp:attachment":[{"href":"https:\/\/www.caririemacao.com\/1\/wp-json\/wp\/v2\/media?parent=37050"}],"wp:term":[{"taxonomy":"category","embeddable":true,"href":"https:\/\/www.caririemacao.com\/1\/wp-json\/wp\/v2\/categories?post=37050"},{"taxonomy":"post_tag","embeddable":true,"href":"https:\/\/www.caririemacao.com\/1\/wp-json\/wp\/v2\/tags?post=37050"}],"curies":[{"name":"wp","href":"https:\/\/api.w.org\/{rel}","templated":true}]}}