{"id":37054,"date":"2018-01-11T11:54:19","date_gmt":"2018-01-11T14:54:19","guid":{"rendered":"http:\/\/caririemacao.com\/1\/?p=37054"},"modified":"2018-01-11T11:54:19","modified_gmt":"2018-01-11T14:54:19","slug":"pernambuco-levara-para-santa-cruz-do-capibaribe-agua-de-boqueirao","status":"publish","type":"post","link":"https:\/\/www.caririemacao.com\/1\/2018\/01\/11\/pernambuco-levara-para-santa-cruz-do-capibaribe-agua-de-boqueirao\/","title":{"rendered":"Pernambuco levar\u00e1 para Santa Cruz do Capibaribe \u00e1gua de Boqueir\u00e3o"},"content":{"rendered":"<p>Os Governos da Para\u00edba e Pernambuco assinam nesta sexta-feira (11) ordem de servi\u00e7o para constru\u00e7\u00e3o de esta\u00e7\u00e3o elevat\u00f3ria e uma adutora que levar\u00e1 \u00e1gua do rio Para\u00edba para Barra de S\u00e3o Miguel, no Cariri paraibano, e para Santa Cruz do Capibaribe, no estado vizinho.\u00a0O governador Ricardo Coutinho afirmou que houve um acordo para que Pernambuco captasse \u00e1guas do a\u00e7ude de Boqueir\u00e3o, mas passasse a adutora pelo munic\u00edpio de Barra de S\u00e3o Miguel.<\/p>\n<p>\u201cEssa adutora j\u00e1 estava nos nossos planos. A parte de Riach\u00e3o at\u00e9 Alcantil inclusive ser\u00e1 retomada e n\u00f3s vamos concluir, mas faltava essa outra parte, de Riacho at\u00e9 barra de S\u00e3o Miguel. Agimos como pessoas minimamente inteligentes do ponto de vista de respeitar o dinheiro p\u00fablico, diminuir os custos das coisas e oferecer a v\u00e1rias pessoas de Pernambuco e de Barra de S\u00e3o Miguel aquilo \u00e9 que essencial: a \u00e1gua\u201d, afirmou.<\/p>\n<p>O Minist\u00e9rio P\u00fablico Federal, por meio da Procuradoria da Rep\u00fablica em Monteiro, est\u00e1 ciente do Termo de Coopera\u00e7\u00e3o assinados entre os dois Governos. A procuradora Jana\u00edna Andrade est\u00e1 ciente do caso e analisando, mas n\u00e3o h\u00e1 procedimento no MPF sobre a constru\u00e7\u00e3o da adutora.<\/p>\n<p>O secret\u00e1rio de Estado dos Recursos H\u00eddricos, Jo\u00e3o Azev\u00eado, explicou que a Para\u00edba arcar\u00e1 com os custos da esta\u00e7\u00e3o elevat\u00f3ria, enquanto Pernambuco fica respons\u00e1vel pela adutora. Ele assegurou que a obra n\u00e3o afetar\u00e1 o abastecimento do a\u00e7ude de Boqueir\u00e3o, que fornece \u00e1gua para munic\u00edpios do Cariri e Campina Grande.<\/p>\n<p>\u201cA \u00e1gua do rio Para\u00edba \u00e9 a \u00e1gua do rio S\u00e3o Francisco. Vai ser alterado apenas o ponto de capta\u00e7\u00e3o da \u00e1gua pelo estado de Pernambuco. Temos que ter cuidado para n\u00e3o colocar chifre na cabe\u00e7a de cavalo\u201d, disse o secret\u00e1rio.<\/p>\n<p>A partir da ordem de servi\u00e7o ser\u00e1 iniciado o processo licitat\u00f3rio para escolha da empresa que conduzir\u00e1 as obras, que devem ser iniciadas em 90 dias, conforme previs\u00e3o do secret\u00e1rio.<\/p>\n<p><strong>CARIRI EM A\u00c7\u00c3O<\/strong><\/p>\n<p><em>Com MaisPB \/Foto: Reprodu\u00e7\u00e3o Internet<\/em><\/p>\n<p><strong>Leia mais not\u00edcias em\u00a0<\/strong><a href=\"http:\/\/www.caririemacao.com\/\"><strong>caririemacao.com<\/strong><\/a><strong>, siga nossa p\u00e1gina no\u00a0<\/strong><a href=\"https:\/\/www.facebook.com\/CaririEmAcao\/?ref=aymt_homepage_panel\"><strong>Facebook<\/strong><\/a>,<strong>\u00a0<\/strong><a href=\"https:\/\/www.instagram.com\/cariri_em_acao\/?hl=pt-br\"><strong>Instagram<\/strong><\/a><strong>\u00a0e <\/strong><a href=\"https:\/\/www.youtube.com\/channel\/UCAptA0jQuYQy8vMhLt2m4qg\"><strong>Youtube<\/strong><\/a><strong>\u00a0e veja nossas mat\u00e9rias, v\u00eddeos e fotos. Voc\u00ea tamb\u00e9m pode enviar informa\u00e7\u00f5es \u00e0 Reda\u00e7\u00e3o do Portal Cariri em A\u00e7\u00e3o pelo WhatsApp (83) 9 9634.5791, (83) 9 9601-1162.<\/strong><\/p>\n","protected":false},"excerpt":{"rendered":"<p>Os Governos da Para\u00edba e Pernambuco assinam nesta sexta-feira (11) ordem de servi\u00e7o para constru\u00e7\u00e3o de esta\u00e7\u00e3o elevat\u00f3ria e uma adutora que levar\u00e1 \u00e1gua do&hellip; <\/p>\n","protected":false},"author":2,"featured_media":37055,"comment_status":"closed","ping_status":"closed","sticky":false,"template":"","format":"standard","meta":{"sfsi_plus_gutenberg_text_before_share":"","sfsi_plus_gutenberg_show_text_before_share":"","sfsi_plus_gutenberg_icon_type":"","sfsi_plus_gutenberg_icon_alignemt":"","sfsi_plus_gutenburg_max_per_row":"","footnotes":""},"categories":[2],"tags":[],"class_list":["post-37054","post","type-post","status-publish","format-standard","has-post-thumbnail","hentry","category-geral"],"_links":{"self":[{"href":"https:\/\/www.caririemacao.com\/1\/wp-json\/wp\/v2\/posts\/37054","targetHints":{"allow":["GET"]}}],"collection":[{"href":"https:\/\/www.caririemacao.com\/1\/wp-json\/wp\/v2\/posts"}],"about":[{"href":"https:\/\/www.caririemacao.com\/1\/wp-json\/wp\/v2\/types\/post"}],"author":[{"embeddable":true,"href":"https:\/\/www.caririemacao.com\/1\/wp-json\/wp\/v2\/users\/2"}],"replies":[{"embeddable":true,"href":"https:\/\/www.caririemacao.com\/1\/wp-json\/wp\/v2\/comments?post=37054"}],"version-history":[{"count":0,"href":"https:\/\/www.caririemacao.com\/1\/wp-json\/wp\/v2\/posts\/37054\/revisions"}],"wp:featuredmedia":[{"embeddable":true,"href":"https:\/\/www.caririemacao.com\/1\/wp-json\/wp\/v2\/media\/37055"}],"wp:attachment":[{"href":"https:\/\/www.caririemacao.com\/1\/wp-json\/wp\/v2\/media?parent=37054"}],"wp:term":[{"taxonomy":"category","embeddable":true,"href":"https:\/\/www.caririemacao.com\/1\/wp-json\/wp\/v2\/categories?post=37054"},{"taxonomy":"post_tag","embeddable":true,"href":"https:\/\/www.caririemacao.com\/1\/wp-json\/wp\/v2\/tags?post=37054"}],"curies":[{"name":"wp","href":"https:\/\/api.w.org\/{rel}","templated":true}]}}