{"id":37057,"date":"2018-01-11T12:00:06","date_gmt":"2018-01-11T15:00:06","guid":{"rendered":"http:\/\/caririemacao.com\/1\/?p=37057"},"modified":"2018-01-11T12:00:06","modified_gmt":"2018-01-11T15:00:06","slug":"ufcg-abre-edital-com-oito-vagas-residencia-medica-em-cajazeiras","status":"publish","type":"post","link":"https:\/\/www.caririemacao.com\/1\/2018\/01\/11\/ufcg-abre-edital-com-oito-vagas-residencia-medica-em-cajazeiras\/","title":{"rendered":"UFCG abre edital com oito vagas Resid\u00eancia M\u00e9dica em Cajazeiras"},"content":{"rendered":"<p>A Universidade Federal de Campina Grande (UFCG), campus Cajazeiras, est\u00e1 com inscri\u00e7\u00f5es abertas para o processo seletivo no Programa de P\u00f3s-Gradua\u00e7\u00e3o Lato Sensu, modalidade Resid\u00eancia M\u00e9dica. Ao todo, s\u00e3o disponibilizadas oito vagas para a \u00e1rea de concentra\u00e7\u00e3o Medicina Geral de Fam\u00edlia e Comunidade. Acesse\u00a0<a href=\"http:\/\/www.ufcg.edu.br:8080\/chamadas\/downloads\/323575.pdf\" target=\"_blank\" rel=\"noopener\">aqui o edital<\/a>.<\/p>\n<p>As inscri\u00e7\u00f5es at\u00e9 o dia 26 deste m\u00eas e pode ser realizada pessoalmente ou por procura\u00e7\u00e3o, na Secretaria do Centro de Forma\u00e7\u00e3o de Professores (CFP\/UFCG), em Cajazeiras, das 8h \u00e0s 12h e das 14h \u00e0s 17h.<\/p>\n<p>Podem participar da sele\u00e7\u00e3o m\u00e9dicos formados em institui\u00e7\u00f5es reconhecidas pelo Minist\u00e9rio da Educa\u00e7\u00e3o (MEC) e estrangeiros que preencham os requisitos do edital, com diploma devidamente revalidado. Tamb\u00e9m podem se inscrever candidatos que estiverem cursando o \u00faltimo per\u00edodo de Medicina, est\u00e1gio curricular obrigat\u00f3rio (Internato), que conclu\u00edrem o curso at\u00e9 a assinatura do contrato de matr\u00edcula no Programa.<\/p>\n<p>A sele\u00e7\u00e3o ser\u00e1 realizada no dia 7 de fevereiro, por meio de prova escrita objetiva, constitu\u00edda de 100 quest\u00f5es de car\u00e1ter eliminat\u00f3rio, distribu\u00eddas em 20 para cada uma das cinco \u00e1reas b\u00e1sicas: Cl\u00ednica M\u00e9dica, Cl\u00ednica Cir\u00fargica, Pediatria, Ginecologia e Obstetr\u00edcia, e Medicina Preventiva e Social\/Sa\u00fade Coletiva.<\/p>\n<p>Ser\u00e3o admitidos os candidatos que obtiverem o m\u00ednimo de 50% de acertos na prova objetiva. O resultado final ser\u00e1 divulgado no dia 28 de fevereiro. O Programa de Resid\u00eancia M\u00e9dica ter\u00e1 in\u00edcio no dia 5 de mar\u00e7o, com dura\u00e7\u00e3o de dois anos.<\/p>\n<p>Mais informa\u00e7\u00f5es podem ser obtidas pelo telefone (83) 3532.2003.<\/p>\n<p><strong>CARIRI EM A\u00c7\u00c3O<\/strong><\/p>\n<p><em>Com Portal Correio\/Foto: Reprodu\u00e7\u00e3o Internet<\/em><\/p>\n<p><strong>Leia mais not\u00edcias em\u00a0<\/strong><a href=\"http:\/\/www.caririemacao.com\/\"><strong>caririemacao.com<\/strong><\/a><strong>, siga nossa p\u00e1gina no\u00a0<\/strong><a href=\"https:\/\/www.facebook.com\/CaririEmAcao\/?ref=aymt_homepage_panel\"><strong>Facebook<\/strong><\/a>,<strong>\u00a0<\/strong><a href=\"https:\/\/www.instagram.com\/cariri_em_acao\/?hl=pt-br\"><strong>Instagram<\/strong><\/a><strong>\u00a0e <\/strong><a href=\"https:\/\/www.youtube.com\/channel\/UCAptA0jQuYQy8vMhLt2m4qg\"><strong>Youtube<\/strong><\/a><strong>\u00a0e veja nossas mat\u00e9rias, v\u00eddeos e fotos. Voc\u00ea tamb\u00e9m pode enviar informa\u00e7\u00f5es \u00e0 Reda\u00e7\u00e3o do Portal Cariri em A\u00e7\u00e3o pelo WhatsApp (83) 9 9634.5791, (83) 9 9601-1162.<\/strong><\/p>\n","protected":false},"excerpt":{"rendered":"<p>A Universidade Federal de Campina Grande (UFCG), campus Cajazeiras, est\u00e1 com inscri\u00e7\u00f5es abertas para o processo seletivo no Programa de P\u00f3s-Gradua\u00e7\u00e3o Lato Sensu, modalidade Resid\u00eancia&hellip; <\/p>\n","protected":false},"author":2,"featured_media":37059,"comment_status":"closed","ping_status":"closed","sticky":false,"template":"","format":"standard","meta":{"sfsi_plus_gutenberg_text_before_share":"","sfsi_plus_gutenberg_show_text_before_share":"","sfsi_plus_gutenberg_icon_type":"","sfsi_plus_gutenberg_icon_alignemt":"","sfsi_plus_gutenburg_max_per_row":"","footnotes":""},"categories":[14],"tags":[],"class_list":["post-37057","post","type-post","status-publish","format-standard","has-post-thumbnail","hentry","category-educacao"],"_links":{"self":[{"href":"https:\/\/www.caririemacao.com\/1\/wp-json\/wp\/v2\/posts\/37057","targetHints":{"allow":["GET"]}}],"collection":[{"href":"https:\/\/www.caririemacao.com\/1\/wp-json\/wp\/v2\/posts"}],"about":[{"href":"https:\/\/www.caririemacao.com\/1\/wp-json\/wp\/v2\/types\/post"}],"author":[{"embeddable":true,"href":"https:\/\/www.caririemacao.com\/1\/wp-json\/wp\/v2\/users\/2"}],"replies":[{"embeddable":true,"href":"https:\/\/www.caririemacao.com\/1\/wp-json\/wp\/v2\/comments?post=37057"}],"version-history":[{"count":0,"href":"https:\/\/www.caririemacao.com\/1\/wp-json\/wp\/v2\/posts\/37057\/revisions"}],"wp:featuredmedia":[{"embeddable":true,"href":"https:\/\/www.caririemacao.com\/1\/wp-json\/wp\/v2\/media\/37059"}],"wp:attachment":[{"href":"https:\/\/www.caririemacao.com\/1\/wp-json\/wp\/v2\/media?parent=37057"}],"wp:term":[{"taxonomy":"category","embeddable":true,"href":"https:\/\/www.caririemacao.com\/1\/wp-json\/wp\/v2\/categories?post=37057"},{"taxonomy":"post_tag","embeddable":true,"href":"https:\/\/www.caririemacao.com\/1\/wp-json\/wp\/v2\/tags?post=37057"}],"curies":[{"name":"wp","href":"https:\/\/api.w.org\/{rel}","templated":true}]}}