{"id":37069,"date":"2018-01-12T07:36:06","date_gmt":"2018-01-12T10:36:06","guid":{"rendered":"http:\/\/caririemacao.com\/1\/?p=37069"},"modified":"2018-01-12T07:36:06","modified_gmt":"2018-01-12T10:36:06","slug":"denuncias-contra-temer-pesaram-para-rebaixamento-afirma-maia","status":"publish","type":"post","link":"https:\/\/www.caririemacao.com\/1\/2018\/01\/12\/denuncias-contra-temer-pesaram-para-rebaixamento-afirma-maia\/","title":{"rendered":"Den\u00fancias contra Temer pesaram para rebaixamento, afirma Maia"},"content":{"rendered":"<p>O presidente da C\u00e2mara dos Deputados, Rodrigo Maia (DEM-RJ), tentou retirar do Congresso Nacional o\u00a0peso pelo rebaixamento do rating do Brasil, por parte da ag\u00eancia de classifica\u00e7\u00e3o de risco S&amp;P Global, nesta quinta-feira. A perspectiva da nota foi modificada de negativa para est\u00e1vel, passando de BB para BB-.<\/p>\n<p>Maia atribuiu a mudan\u00e7a no rating \u00e0s den\u00fancias apresentadas pela Procuradoria-Geral da Uni\u00e3o (PGR) contra o presidente Michel Temer ao longo do ano. &#8220;O que pesou foram duas den\u00fancias que atrasaram a vota\u00e7\u00e3o da [reforma da] Previd\u00eancia. De fato, o governo ficou fraco ap\u00f3s as den\u00fancias&#8221;, afirmou ao Broadcast antes de ressaltar o papel da C\u00e2mara dos Deputados, presidida por ele. &#8220;A C\u00e2mara votou dezenas de projetos que ajudaram o Brasil a sair da recess\u00e3o&#8221;, complementou.<\/p>\n<p>Maia evitou culpar a equipe econ\u00f4mica pelo resultado e procurou mostrar otimismo em rela\u00e7\u00e3o \u00e0s vota\u00e7\u00f5es neste ano. &#8220;Agora n\u00e3o \u00e9 hora de encontrar culpados e sim construir o caminho para votar as reformas&#8221;, afirmou. O rebaixamento pela S&amp;P era esperado nas \u00faltimas semanas, \u00e0 medida que falharam as negocia\u00e7\u00f5es no Congresso para aprova\u00e7\u00e3o da reforma da Previd\u00eancia no final do ano passado.<\/p>\n<p>Apesar de fugir do confronto, o presidente da C\u00e2mara criticou diretamente as declara\u00e7\u00f5es do ministro da Fazenda, Henrique Meirelles, que responsabilizou o Congresso pela situa\u00e7\u00e3o, segundo o blog do jornalista Jo\u00e3o Borges. &#8220;Resposta de um candidato, uma pena&#8221;, disse Maia ao lembrar que o ministro cogita se lan\u00e7ar \u00e0 Presid\u00eancia da Rep\u00fablica pelo PSD.<\/p>\n<p>&#8220;Deputados e senadores votaram dezenas de projetos fundamentais entre eles reforma trabalhista, terceiriza\u00e7\u00e3o e recupera\u00e7\u00e3o fiscal. Com os projetos aprovados pelo Congresso, a economia saiu da recess\u00e3o, a taxa de juros chegou a 7% e a infla\u00e7\u00e3o ficou abaixo da meta. Continuamos nossos esfor\u00e7os a favor das reformas e do Brasil&#8221;, argumentou Maia.<\/p>\n<p><strong>CARIRI EM A\u00c7\u00c3O<\/strong><\/p>\n<p><em>Com Estad\u00e3o\/Foto: Reprodu\u00e7\u00e3o Internet<\/em><\/p>\n<p><strong>Leia mais not\u00edcias em\u00a0<\/strong><a href=\"http:\/\/www.caririemacao.com\/\"><strong>caririemacao.com<\/strong><\/a><strong>, siga nossa p\u00e1gina no\u00a0<\/strong><a href=\"https:\/\/www.facebook.com\/CaririEmAcao\/?ref=aymt_homepage_panel\"><strong>Facebook<\/strong><\/a>,<strong>\u00a0<\/strong><a href=\"https:\/\/www.instagram.com\/cariri_em_acao\/?hl=pt-br\"><strong>Instagram<\/strong><\/a><strong>\u00a0e <\/strong><a href=\"https:\/\/www.youtube.com\/channel\/UCAptA0jQuYQy8vMhLt2m4qg\"><strong>Youtube<\/strong><\/a><strong>\u00a0e veja nossas mat\u00e9rias, v\u00eddeos e fotos. Voc\u00ea tamb\u00e9m pode enviar informa\u00e7\u00f5es \u00e0 Reda\u00e7\u00e3o do Portal Cariri em A\u00e7\u00e3o pelo WhatsApp (83) 9 9634.5791, (83) 9 9601-1162.<\/strong><\/p>\n","protected":false},"excerpt":{"rendered":"<p>O presidente da C\u00e2mara dos Deputados, Rodrigo Maia (DEM-RJ), tentou retirar do Congresso Nacional o\u00a0peso pelo rebaixamento do rating do Brasil, por parte da ag\u00eancia&hellip; <\/p>\n","protected":false},"author":2,"featured_media":37070,"comment_status":"closed","ping_status":"closed","sticky":false,"template":"","format":"standard","meta":{"sfsi_plus_gutenberg_text_before_share":"","sfsi_plus_gutenberg_show_text_before_share":"","sfsi_plus_gutenberg_icon_type":"","sfsi_plus_gutenberg_icon_alignemt":"","sfsi_plus_gutenburg_max_per_row":"","footnotes":""},"categories":[11],"tags":[],"class_list":["post-37069","post","type-post","status-publish","format-standard","has-post-thumbnail","hentry","category-politica"],"_links":{"self":[{"href":"https:\/\/www.caririemacao.com\/1\/wp-json\/wp\/v2\/posts\/37069","targetHints":{"allow":["GET"]}}],"collection":[{"href":"https:\/\/www.caririemacao.com\/1\/wp-json\/wp\/v2\/posts"}],"about":[{"href":"https:\/\/www.caririemacao.com\/1\/wp-json\/wp\/v2\/types\/post"}],"author":[{"embeddable":true,"href":"https:\/\/www.caririemacao.com\/1\/wp-json\/wp\/v2\/users\/2"}],"replies":[{"embeddable":true,"href":"https:\/\/www.caririemacao.com\/1\/wp-json\/wp\/v2\/comments?post=37069"}],"version-history":[{"count":0,"href":"https:\/\/www.caririemacao.com\/1\/wp-json\/wp\/v2\/posts\/37069\/revisions"}],"wp:featuredmedia":[{"embeddable":true,"href":"https:\/\/www.caririemacao.com\/1\/wp-json\/wp\/v2\/media\/37070"}],"wp:attachment":[{"href":"https:\/\/www.caririemacao.com\/1\/wp-json\/wp\/v2\/media?parent=37069"}],"wp:term":[{"taxonomy":"category","embeddable":true,"href":"https:\/\/www.caririemacao.com\/1\/wp-json\/wp\/v2\/categories?post=37069"},{"taxonomy":"post_tag","embeddable":true,"href":"https:\/\/www.caririemacao.com\/1\/wp-json\/wp\/v2\/tags?post=37069"}],"curies":[{"name":"wp","href":"https:\/\/api.w.org\/{rel}","templated":true}]}}