{"id":37075,"date":"2018-01-12T07:44:27","date_gmt":"2018-01-12T10:44:27","guid":{"rendered":"http:\/\/caririemacao.com\/1\/?p=37075"},"modified":"2018-01-12T07:44:27","modified_gmt":"2018-01-12T10:44:27","slug":"doencas-de-maluf-nao-convencem-diz-autor-de-denuncia","status":"publish","type":"post","link":"https:\/\/www.caririemacao.com\/1\/2018\/01\/12\/doencas-de-maluf-nao-convencem-diz-autor-de-denuncia\/","title":{"rendered":"Doen\u00e7as de Maluf n\u00e3o convencem, diz autor de den\u00fancia"},"content":{"rendered":"<p>Um dos autores da den\u00fancia que levou o deputado federal\u00a0Paulo Maluf\u00a0para a cadeia, o promotor de Justi\u00e7a\u00a0Silvio Marques\u00a0disse nesta quinta-feira (11) que o parlamentar \u201cn\u00e3o convence\u201d ao alegar sofrer s\u00e9rios problemas card\u00edacos.<\/p>\n<p>O promotor fez refer\u00eancia ao dia da pris\u00e3o de Maluf: o deputado andava com dificuldades e com a\u00a0ajuda de uma muleta. \u201cAquela hist\u00f3ria de sair de muleta, as doen\u00e7as dele n\u00e3o convencem. At\u00e9 dias antes, ele estava trabalhando\u201d, disse Marques. \u201cTodo preso faz o que Maluf est\u00e1 fazendo, de alegar problemas de sa\u00fade para poder cumprir a pena em regime domiciliar\u201d.<\/p>\n<p>Maluf foi condenado a sete anos, nove meses e dez dias de pris\u00e3o pelo\u00a0Supremo Tribunal Federal (STF)\u00a0em maio, por crimes de lavagem de dinheiro na \u00e9poca em que foi prefeito de S\u00e3o Paulo (entre 1993 e 1996). O deputado s\u00f3 foi preso, no entanto, em dezembro do ano passado, por determina\u00e7\u00e3o do ministro do STF,\u00a0Edson Fachin. Maluf est\u00e1 na Papuda, em Bras\u00edlia.<\/p>\n<p>Desde ent\u00e3o, a defesa do parlamentar tem tentado fazer com que Maluf cumpra a pena em casa, sob argumento de que o deputado \u00e9 idoso (86 anos) e tem a sa\u00fade fr\u00e1gil. Nas peti\u00e7\u00f5es, os advogados alegam que o deputado sofre de um\u00a0c\u00e2ncer\u00a0e de \u201cgraves\u00a0problemas card\u00edacos\u201c. Em um dos pedidos, o advogado Antonio Carlos de Almeida Castro, o Kakay, mencionou a morte de dois presos na Papuda por problemas no cora\u00e7\u00e3o. A Justi\u00e7a, no entanto, manteve o parlamentar preso.<\/p>\n<p>\u201cA Lei de Execu\u00e7\u00e3o Penal prev\u00ea que o\u00a0preso pode ser escoltado\u00a0at\u00e9 um hospital para tratamento e depois ser levado de volta para a cadeia\u201d, disse o promotor, para quem\u00a0Maluf sempre foi s\u00edmbolo de impunidade dentro e fora do Pa\u00eds e uma eventual soltura do pol\u00edtico seria \u201cvergonhosa\u201d.<\/p>\n<p><strong>Humanidade<\/strong><\/p>\n<p>Em resposta ao promotor, Kakay disse ter uma vis\u00e3o humanista que permite a ele desprezar a opini\u00e3o de Marques. \u201cN\u00e3o sei se o tal promotor \u00e9 m\u00e9dico. Eu n\u00e3o sou. E nada entendo de medicina. Todas as minhas peti\u00e7\u00f5es s\u00e3o com base em laudos m\u00e9dicos e opini\u00f5es de profissionais da sa\u00fade. Mas julgo ter uma forma\u00e7\u00e3o humanista que me permite desprezar a opini\u00e3o deste promotor, que n\u00e3o honra a promotoria\u201d, escreveu.<\/p>\n<p>O advogado diz que a defesa de Maluf faz o m\u00ednimo, que \u00e9 o de apresentar laudos e questionar os \u00f3rg\u00e3os sobre manter um \u201csenhor de 86 anos, com 3 doen\u00e7as graves em um sistema penitenci\u00e1rio falido\u201d. \u201cA defesa n\u00e3o se d\u00e1 o direito de brincar com a vida. E n\u00e3o se permite abrir discuss\u00e3o com um promotor que, pelo que parece, tem mais interesse em \u2018ganhar uma causa\u2019 ou \u2018exibir um trof\u00e9u\u2019, fazendo da pris\u00e3o uma medalha ol\u00edmpica\u201d, disse Kakay.<\/p>\n<p>A defesa escreveu ainda que o MP deveria estar mais preocupado em discutir \u201cem dar dignidade ao cruel e desumano estado dos pres\u00eddios brasileiros\u201d.<\/p>\n<p>Kakay mandou para a reportagem uma publica\u00e7\u00e3o que o papa Francisco fez no Twitter. A mensagem do papa era:\u00a0\u201cQuem n\u00e3o sofre com o irm\u00e3o sofredor, mesmo se diferente dele por religi\u00e3o, l\u00edngua ou cultura, deve interrogar-se sobre a pr\u00f3pria humanidade\u201d. Em seguida, o advogado escreveu: \u201cParece que o Papa Francisco respondeu melhor para o Promotor do que a defesa\u201d.<\/p>\n<p>A assessoria do parlamentar tamb\u00e9m se manifestou, dizendo que a declara\u00e7\u00e3o \u00e9 desrespeitosa. \u201cO referido promotor deveria esperar o pronunciamento da justi\u00e7a a respeito desse assunto em vez de comportar-se de maneira infame, ofendendo um homem de 86 anos de idade que apenas procura seus direitos na justi\u00e7a.\u201d<\/p>\n<p><strong>CARIRI EM A\u00c7\u00c3O<\/strong><\/p>\n<p><em>Com VEJA.com \/Foto: Reprodu\u00e7\u00e3o Internet<\/em><\/p>\n<p><strong>Leia mais not\u00edcias em\u00a0<\/strong><a href=\"http:\/\/www.caririemacao.com\/\"><strong>caririemacao.com<\/strong><\/a><strong>, siga nossa p\u00e1gina no\u00a0<\/strong><a href=\"https:\/\/www.facebook.com\/CaririEmAcao\/?ref=aymt_homepage_panel\"><strong>Facebook<\/strong><\/a>,<strong>\u00a0<\/strong><a href=\"https:\/\/www.instagram.com\/cariri_em_acao\/?hl=pt-br\"><strong>Instagram<\/strong><\/a><strong>\u00a0e <\/strong><a href=\"https:\/\/www.youtube.com\/channel\/UCAptA0jQuYQy8vMhLt2m4qg\"><strong>Youtube<\/strong><\/a><strong>\u00a0e veja nossas mat\u00e9rias, v\u00eddeos e fotos. Voc\u00ea tamb\u00e9m pode enviar informa\u00e7\u00f5es \u00e0 Reda\u00e7\u00e3o do Portal Cariri em A\u00e7\u00e3o pelo WhatsApp (83) 9 9634.5791, (83) 9 9601-1162.<\/strong><\/p>\n","protected":false},"excerpt":{"rendered":"<p>Um dos autores da den\u00fancia que levou o deputado federal\u00a0Paulo Maluf\u00a0para a cadeia, o promotor de Justi\u00e7a\u00a0Silvio Marques\u00a0disse nesta quinta-feira (11) que o parlamentar \u201cn\u00e3o&hellip; <\/p>\n","protected":false},"author":2,"featured_media":37076,"comment_status":"closed","ping_status":"closed","sticky":false,"template":"","format":"standard","meta":{"sfsi_plus_gutenberg_text_before_share":"","sfsi_plus_gutenberg_show_text_before_share":"","sfsi_plus_gutenberg_icon_type":"","sfsi_plus_gutenberg_icon_alignemt":"","sfsi_plus_gutenburg_max_per_row":"","footnotes":""},"categories":[2],"tags":[],"class_list":["post-37075","post","type-post","status-publish","format-standard","has-post-thumbnail","hentry","category-geral"],"_links":{"self":[{"href":"https:\/\/www.caririemacao.com\/1\/wp-json\/wp\/v2\/posts\/37075","targetHints":{"allow":["GET"]}}],"collection":[{"href":"https:\/\/www.caririemacao.com\/1\/wp-json\/wp\/v2\/posts"}],"about":[{"href":"https:\/\/www.caririemacao.com\/1\/wp-json\/wp\/v2\/types\/post"}],"author":[{"embeddable":true,"href":"https:\/\/www.caririemacao.com\/1\/wp-json\/wp\/v2\/users\/2"}],"replies":[{"embeddable":true,"href":"https:\/\/www.caririemacao.com\/1\/wp-json\/wp\/v2\/comments?post=37075"}],"version-history":[{"count":0,"href":"https:\/\/www.caririemacao.com\/1\/wp-json\/wp\/v2\/posts\/37075\/revisions"}],"wp:featuredmedia":[{"embeddable":true,"href":"https:\/\/www.caririemacao.com\/1\/wp-json\/wp\/v2\/media\/37076"}],"wp:attachment":[{"href":"https:\/\/www.caririemacao.com\/1\/wp-json\/wp\/v2\/media?parent=37075"}],"wp:term":[{"taxonomy":"category","embeddable":true,"href":"https:\/\/www.caririemacao.com\/1\/wp-json\/wp\/v2\/categories?post=37075"},{"taxonomy":"post_tag","embeddable":true,"href":"https:\/\/www.caririemacao.com\/1\/wp-json\/wp\/v2\/tags?post=37075"}],"curies":[{"name":"wp","href":"https:\/\/api.w.org\/{rel}","templated":true}]}}