{"id":37078,"date":"2018-01-12T07:47:05","date_gmt":"2018-01-12T10:47:05","guid":{"rendered":"http:\/\/caririemacao.com\/1\/?p=37078"},"modified":"2018-01-12T07:47:05","modified_gmt":"2018-01-12T10:47:05","slug":"por-posse-de-ministra-governo-insistira-com-recurso-no-trf2","status":"publish","type":"post","link":"https:\/\/www.caririemacao.com\/1\/2018\/01\/12\/por-posse-de-ministra-governo-insistira-com-recurso-no-trf2\/","title":{"rendered":"Por posse de ministra, governo insistir\u00e1 com recurso no TRF2"},"content":{"rendered":"<p>O governo do presidente\u00a0Michel Temer\u00a0(PMDB) decidiu esgotar todas as possibilidades de recurso contra a decis\u00e3o do Tribunal Regional da 2\u00aa Regi\u00e3o (TRF2) de\u00a0suspender a nomea\u00e7\u00e3o e posse da deputada\u00a0Cristiane Brasil\u00a0(PTB-RJ) como ministra do\u00a0Trabalho.<\/p>\n<p>Segundo o deputado\u00a0Beto Mansur\u00a0(PRB-SP), vice-l\u00edder do governo e um dos principais articuladores pol\u00edticos da base governista na C\u00e2mara, o\u00a0Pal\u00e1cio do Planalto\u00a0deve apresentar novo recurso para que o plen\u00e1rio do TRF2 decida sobre a liminar, enquanto aguarda o fim do recesso do judici\u00e1rio para recorrer ao Supremo Tribunal Federal (STF).<\/p>\n<p>Durante o recesso do Supremo, a decis\u00e3o sobre o recurso caberia somente \u00e0 presidente da Corte, ministra\u00a0C\u00e1rmen L\u00facia, e o Executivo prefere que o recurso seja analisado pelos ministros em plen\u00e1rio. No entendimento do governo, o desgaste neste momento \u00e9 maior entre os poderes do que sobre a deputada. O objetivo \u00e9 tentar resolver a quest\u00e3o ainda no \u00e2mbito estadual e evitar que o desgaste se estenda para as inst\u00e2ncias superiores do Judici\u00e1rio.<\/p>\n<p>\u201cUm juiz de primeira inst\u00e2ncia disse: \u2018N\u00e3o pode assumir, porque a ministra tem a\u00e7\u00f5es na justi\u00e7a do Trabalho\u2019, coisa que, na minha vis\u00e3o, \u00e9 um absurdo. A\u00ed,\u00a0voc\u00ea n\u00e3o vai poder indicar um ministro da Sa\u00fade porque ele fuma, voc\u00ea n\u00e3o vai poder indicar um ministro dos Transportes porque tem algum tipo de multa de tr\u00e2nsito. \u00c9 claro que o Executivo vai recorrer at\u00e9 a \u00faltima inst\u00e2ncia para que n\u00e3o haja nenhum tipo de d\u00favida dessa separa\u00e7\u00e3o entre os poderes\u201d, comparou Mansur.<\/p>\n<p>O deputado disse que conversou nesta quarta com o presidente Michel Temer e que este est\u00e1 tranquilo e vai manter a indica\u00e7\u00e3o da ministra. \u201cEle est\u00e1 tranquil\u00edssimo, ele \u00e9 um jurista conhecedor do direito, ele fez a indica\u00e7\u00e3o, ele n\u00e3o concorda com a decis\u00e3o e vai recorrer, porque houve verdadeiramente uma influ\u00eancia, uma entrada indevida, na minha vis\u00e3o, do Judici\u00e1rio na decis\u00e3o do presidente da Rep\u00fablica\u201d, acrescentou.<\/p>\n<p>Na semana passada, Cristiane Brasil foi indicada pelo PTB, seu partido, no \u00e2mbito das negocia\u00e7\u00f5es do Planalto por votos de deputados pela aprova\u00e7\u00e3o da reforma da Previd\u00eancia. A indica\u00e7\u00e3o da deputada, no entanto, foi questionada na Justi\u00e7a, pois surgiram informa\u00e7\u00f5es de que ela tem\u00a0d\u00edvidas trabalhistas com ex-funcion\u00e1rios.<\/p>\n<p>A nomea\u00e7\u00e3o da deputada\u00a0foi suspensa por uma liminar\u00a0da 4\u00aa Vara Federal de Niter\u00f3i (RJ), expedida na \u00faltima segunda-feira, um dia antes da cerim\u00f4nia em que ela tomaria posse no Minist\u00e9rio do Trabalho. A\u00a0Advocacia-Geral da Uni\u00e3o (AGU) apresentou recurso contra a liminar, mas a suspens\u00e3o da posse foi mantida pelo vice presidente do TRF2. A defesa da deputada apresentou, em seguida, agravo de instrumento contra a decis\u00e3o do tribunal, mas o recurso tamb\u00e9m foi negado por outro desembargador.<\/p>\n<div id=\"facebookWidget\" data-aop=\"facebookWidget\" data-id=\"1024\" data-m=\"{\">CARIRI EM A\u00c7\u00c3O<em>Com Ag\u00eancia Brasil \/Foto: Reprodu\u00e7\u00e3o Internet<\/em><\/p>\n<p>Leia mais not\u00edcias em\u00a0<a href=\"http:\/\/www.caririemacao.com\/\">caririemacao.com<\/a>, siga nossa p\u00e1gina no\u00a0<a href=\"https:\/\/www.facebook.com\/CaririEmAcao\/?ref=aymt_homepage_panel\">Facebook<\/a>,\u00a0<a href=\"https:\/\/www.instagram.com\/cariri_em_acao\/?hl=pt-br\">Instagram<\/a>\u00a0e <a href=\"https:\/\/www.youtube.com\/channel\/UCAptA0jQuYQy8vMhLt2m4qg\">Youtube<\/a>\u00a0e veja nossas mat\u00e9rias, v\u00eddeos e fotos. Voc\u00ea tamb\u00e9m pode enviar informa\u00e7\u00f5es \u00e0 Reda\u00e7\u00e3o do Portal Cariri em A\u00e7\u00e3o pelo WhatsApp (83) 9 9634.5791, (83) 9 9601-1162.<\/p>\n<\/div>\n","protected":false},"excerpt":{"rendered":"<p>O governo do presidente\u00a0Michel Temer\u00a0(PMDB) decidiu esgotar todas as possibilidades de recurso contra a decis\u00e3o do Tribunal Regional da 2\u00aa Regi\u00e3o (TRF2) de\u00a0suspender a nomea\u00e7\u00e3o&hellip; <\/p>\n","protected":false},"author":2,"featured_media":36273,"comment_status":"closed","ping_status":"closed","sticky":false,"template":"","format":"standard","meta":{"sfsi_plus_gutenberg_text_before_share":"","sfsi_plus_gutenberg_show_text_before_share":"","sfsi_plus_gutenberg_icon_type":"","sfsi_plus_gutenberg_icon_alignemt":"","sfsi_plus_gutenburg_max_per_row":"","footnotes":""},"categories":[11],"tags":[],"class_list":["post-37078","post","type-post","status-publish","format-standard","has-post-thumbnail","hentry","category-politica"],"_links":{"self":[{"href":"https:\/\/www.caririemacao.com\/1\/wp-json\/wp\/v2\/posts\/37078","targetHints":{"allow":["GET"]}}],"collection":[{"href":"https:\/\/www.caririemacao.com\/1\/wp-json\/wp\/v2\/posts"}],"about":[{"href":"https:\/\/www.caririemacao.com\/1\/wp-json\/wp\/v2\/types\/post"}],"author":[{"embeddable":true,"href":"https:\/\/www.caririemacao.com\/1\/wp-json\/wp\/v2\/users\/2"}],"replies":[{"embeddable":true,"href":"https:\/\/www.caririemacao.com\/1\/wp-json\/wp\/v2\/comments?post=37078"}],"version-history":[{"count":0,"href":"https:\/\/www.caririemacao.com\/1\/wp-json\/wp\/v2\/posts\/37078\/revisions"}],"wp:featuredmedia":[{"embeddable":true,"href":"https:\/\/www.caririemacao.com\/1\/wp-json\/wp\/v2\/media\/36273"}],"wp:attachment":[{"href":"https:\/\/www.caririemacao.com\/1\/wp-json\/wp\/v2\/media?parent=37078"}],"wp:term":[{"taxonomy":"category","embeddable":true,"href":"https:\/\/www.caririemacao.com\/1\/wp-json\/wp\/v2\/categories?post=37078"},{"taxonomy":"post_tag","embeddable":true,"href":"https:\/\/www.caririemacao.com\/1\/wp-json\/wp\/v2\/tags?post=37078"}],"curies":[{"name":"wp","href":"https:\/\/api.w.org\/{rel}","templated":true}]}}