{"id":37093,"date":"2018-01-12T08:15:41","date_gmt":"2018-01-12T11:15:41","guid":{"rendered":"http:\/\/caririemacao.com\/1\/?p=37093"},"modified":"2018-01-12T08:15:41","modified_gmt":"2018-01-12T11:15:41","slug":"seguro-desemprego-tem-reajuste-de-207-e-maior-parcela-passa-a-r-1-67774","status":"publish","type":"post","link":"https:\/\/www.caririemacao.com\/1\/2018\/01\/12\/seguro-desemprego-tem-reajuste-de-207-e-maior-parcela-passa-a-r-1-67774\/","title":{"rendered":"Seguro-desemprego tem reajuste de 2,07% e maior parcela passa a R$ 1.677,74"},"content":{"rendered":"<p>O valor da maior parcela do seguro-desemprego passa a ser de R$ 1.677,74 a partir desta quinta-feira (11), informou o Minist\u00e9rio do Trabalho.<\/p>\n<p>O benef\u00edcio m\u00e1ximo aumentou em R$ 34,02 em rela\u00e7\u00e3o ao valor antigo (1.643,72) e \u00e9 pago aos trabalhadores com sal\u00e1rio m\u00e9dio acima de R$ 2.467,33.<\/p>\n<p>O reajuste das parcelas do seguro-desemprego \u00e9 feito todos os anos pela varia\u00e7\u00e3o do \u00cdndice Nacional de Pre\u00e7os ao Consumidor (INPC) do ano anterior. Em 2017, o INPC acumulou alta de 2,07%.<\/p>\n<p>O valor do seguro-desemprego \u00e9 definido com base em uma tabela com tr\u00eas faixas salariais. O piso do benef\u00edcio \u00e9 equivalente ao sal\u00e1rio m\u00ednimo, que foi reajustado para R$ 954,00.<\/p>\n<p>O seguro-desemprego pagos a todos os brasileiros demitidos sem justa causa.<\/p>\n<p><strong>CARIRI EM A\u00c7\u00c3O<\/strong><\/p>\n<p><em>Com G1 \/Foto: Reprodu\u00e7\u00e3o Internet<\/em><\/p>\n<p><strong>Leia mais not\u00edcias em\u00a0<\/strong><a href=\"http:\/\/www.caririemacao.com\/\"><strong>caririemacao.com<\/strong><\/a><strong>, siga nossa p\u00e1gina no\u00a0<\/strong><a href=\"https:\/\/www.facebook.com\/CaririEmAcao\/?ref=aymt_homepage_panel\"><strong>Facebook<\/strong><\/a>,<strong>\u00a0<\/strong><a href=\"https:\/\/www.instagram.com\/cariri_em_acao\/?hl=pt-br\"><strong>Instagram<\/strong><\/a><strong>\u00a0e <\/strong><a href=\"https:\/\/www.youtube.com\/channel\/UCAptA0jQuYQy8vMhLt2m4qg\"><strong>Youtube<\/strong><\/a><strong>\u00a0e veja nossas mat\u00e9rias, v\u00eddeos e fotos. Voc\u00ea tamb\u00e9m pode enviar informa\u00e7\u00f5es \u00e0 Reda\u00e7\u00e3o do Portal Cariri em A\u00e7\u00e3o pelo WhatsApp (83) 9 9634.5791, (83) 9 9601-1162.<\/strong><\/p>\n","protected":false},"excerpt":{"rendered":"<p>O valor da maior parcela do seguro-desemprego passa a ser de R$ 1.677,74 a partir desta quinta-feira (11), informou o Minist\u00e9rio do Trabalho. O benef\u00edcio&hellip; <\/p>\n","protected":false},"author":2,"featured_media":8911,"comment_status":"closed","ping_status":"closed","sticky":false,"template":"","format":"standard","meta":{"sfsi_plus_gutenberg_text_before_share":"","sfsi_plus_gutenberg_show_text_before_share":"","sfsi_plus_gutenberg_icon_type":"","sfsi_plus_gutenberg_icon_alignemt":"","sfsi_plus_gutenburg_max_per_row":"","footnotes":""},"categories":[2],"tags":[],"class_list":["post-37093","post","type-post","status-publish","format-standard","has-post-thumbnail","hentry","category-geral"],"_links":{"self":[{"href":"https:\/\/www.caririemacao.com\/1\/wp-json\/wp\/v2\/posts\/37093","targetHints":{"allow":["GET"]}}],"collection":[{"href":"https:\/\/www.caririemacao.com\/1\/wp-json\/wp\/v2\/posts"}],"about":[{"href":"https:\/\/www.caririemacao.com\/1\/wp-json\/wp\/v2\/types\/post"}],"author":[{"embeddable":true,"href":"https:\/\/www.caririemacao.com\/1\/wp-json\/wp\/v2\/users\/2"}],"replies":[{"embeddable":true,"href":"https:\/\/www.caririemacao.com\/1\/wp-json\/wp\/v2\/comments?post=37093"}],"version-history":[{"count":0,"href":"https:\/\/www.caririemacao.com\/1\/wp-json\/wp\/v2\/posts\/37093\/revisions"}],"wp:featuredmedia":[{"embeddable":true,"href":"https:\/\/www.caririemacao.com\/1\/wp-json\/wp\/v2\/media\/8911"}],"wp:attachment":[{"href":"https:\/\/www.caririemacao.com\/1\/wp-json\/wp\/v2\/media?parent=37093"}],"wp:term":[{"taxonomy":"category","embeddable":true,"href":"https:\/\/www.caririemacao.com\/1\/wp-json\/wp\/v2\/categories?post=37093"},{"taxonomy":"post_tag","embeddable":true,"href":"https:\/\/www.caririemacao.com\/1\/wp-json\/wp\/v2\/tags?post=37093"}],"curies":[{"name":"wp","href":"https:\/\/api.w.org\/{rel}","templated":true}]}}