{"id":37095,"date":"2018-01-12T08:20:19","date_gmt":"2018-01-12T11:20:19","guid":{"rendered":"http:\/\/caririemacao.com\/1\/?p=37095"},"modified":"2018-01-12T08:20:19","modified_gmt":"2018-01-12T11:20:19","slug":"governo-da-pb-recebeu-quase-r-1-bi-a-menos-de-recursos-federais-em-2017","status":"publish","type":"post","link":"https:\/\/www.caririemacao.com\/1\/2018\/01\/12\/governo-da-pb-recebeu-quase-r-1-bi-a-menos-de-recursos-federais-em-2017\/","title":{"rendered":"Governo da PB recebeu quase R$ 1 bi a menos de recursos federais em 2017"},"content":{"rendered":"<div class=\"mc-column content-text active-extra-styles active-capital-letter\" data-block-type=\"unstyled\" data-block-weight=\"58\" data-block-id=\"2\">\n<p class=\"content-text__container theme-color-primary-first-letter\" data-track-category=\"Link no Texto\" data-track-links=\"\">A transfer\u00eancia de recursos federais para o Governo da Para\u00edba no exerc\u00edcio de 2017 teve uma redu\u00e7\u00e3o de R$ 820.230.477,13 milh\u00f5es, \u00e9 o que aponta levantamento realizado pelo Portal G1\/PB junto ao Portal da Transpar\u00eancia. Dados revelam que em 2016 foram transferidos para o Estado R$ 4.542.394.284,96 bilh\u00f5es, se comparado com montante repassado no ano passado de R$ 3.722.163.807,83 bilh\u00f5es, a redu\u00e7\u00e3o no repasse federal \u00e9 de 18%.<\/p>\n<\/div>\n<div class=\"mc-column content-text active-extra-styles \" data-block-type=\"unstyled\" data-block-weight=\"45\" data-block-id=\"3\">\n<p class=\"content-text__container \" data-track-category=\"Link no Texto\" data-track-links=\"\">Os valores repassados pelo Governo Federal para os munic\u00edpios tamb\u00e9m diminuiu de R$ 6.641.631.102,34 bilh\u00f5es em 2016 para R$ 5.733.458.872,38 bilh\u00f5es em 2017, uma redu\u00e7\u00e3o percentual de 14%. Os valores repassados para as duas maiores cidades paraibanas, Jo\u00e3o Pessoa e Campina Grande, tamb\u00e9m foram reduzidos.<\/p>\n<\/div>\n<div class=\"mc-column content-text active-extra-styles \" data-block-type=\"unstyled\" data-block-weight=\"23\" data-block-id=\"4\">\n<p class=\"content-text__container \" data-track-category=\"Link no Texto\" data-track-links=\"\">O detalhamento dos valores podem ser conferidos por a\u00e7\u00e3o governamental, por munic\u00edpios e ano de exerc\u00edcio no Portal da Transpar\u00eancia do Governo Federal.<\/p>\n<\/div>\n<div data-track-category=\"fim do conteudo\" data-track-action=\"ultimo chunk conteudo\" data-track-noninteraction=\"false\" data-track-scroll=\"entrada completa viewport\">\n<div class=\"row medium-uncollapsed content-text\">\n<div class=\"column medium-centered medium-22 large-20\">\n<div class=\"show-table\">\n<p class=\"mc-column show-table__title\"><strong>Repasse de recursos do Governo Federal para a Para\u00edba<\/strong><\/p>\n<div class=\"show-table__centralized\">\n<div class=\"show-table__container\">\n<table class=\"show-table__content\nshow-table__content--highlight-top        \"><\/p>\n<tbody>\n<tr>\n<td>2016<\/td>\n<td>Valor do repasse<\/td>\n<td>2017<\/td>\n<td>Valor do repasse<\/td>\n<\/tr>\n<tr>\n<td>Para o Governo do Estado<\/td>\n<td>R$ 4.542.394.284,96<\/td>\n<td>Para o Governo do Estado<\/td>\n<td>R$ 3.722.163.807,83<\/td>\n<\/tr>\n<tr>\n<td>Para os munic\u00edpios<\/td>\n<td>R$ 6.641.631.102,34<\/td>\n<td>Para os munic\u00edpios<\/td>\n<td>R$ 5.733.458.872,38<\/td>\n<\/tr>\n<tr>\n<td>Total de recursos enviados<\/td>\n<td>R$ 11.184.025.387,30<\/td>\n<td>Total de recursos enviados<\/td>\n<td>R$ 9.455.622.680,21<\/td>\n<\/tr>\n<tr>\n<td>Para Jo\u00e3o Pessoa<\/td>\n<td>R$ 959.716.186,56<\/td>\n<td>Para Jo\u00e3o Pessoa<\/td>\n<td>R$ 828.993.419,89<\/td>\n<\/tr>\n<tr>\n<td>Para Campina Grande<\/td>\n<td>R$ 422.207.847,88<\/td>\n<td>Para Campina Grande<\/td>\n<td>R$ 371.706.252,05<\/td>\n<\/tr>\n<\/tbody>\n<\/table>\n<\/div>\n<div class=\"show-table__footer\">\n<div class=\"show-table__source\">Fonte: Portal da Transpar\u00eancia<\/div>\n<div>\n<p><strong>CARIRI EM A\u00c7\u00c3O<\/strong><\/p>\n<p><em>Com Para\u00edba\u00a0j\u00e1\/Foto: Reprodu\u00e7\u00e3o Internet<\/em><\/p>\n<p><strong>Leia mais not\u00edcias em\u00a0<\/strong><a href=\"http:\/\/www.caririemacao.com\/\"><strong>caririemacao.com<\/strong><\/a><strong>, siga nossa p\u00e1gina no\u00a0<\/strong><a href=\"https:\/\/www.facebook.com\/CaririEmAcao\/?ref=aymt_homepage_panel\"><strong>Facebook<\/strong><\/a>,<strong>\u00a0<\/strong><a href=\"https:\/\/www.instagram.com\/cariri_em_acao\/?hl=pt-br\"><strong>Instagram<\/strong><\/a><strong>\u00a0e <\/strong><a href=\"https:\/\/www.youtube.com\/channel\/UCAptA0jQuYQy8vMhLt2m4qg\"><strong>Youtube<\/strong><\/a><strong>\u00a0e veja nossas mat\u00e9rias, v\u00eddeos e fotos. Voc\u00ea tamb\u00e9m pode enviar informa\u00e7\u00f5es \u00e0 Reda\u00e7\u00e3o do Portal Cariri em A\u00e7\u00e3o pelo WhatsApp (83) 9 9634.5791, (83) 9 9601-1162.<\/strong><\/p>\n<\/div>\n<\/div>\n<\/div>\n<\/div>\n<\/div>\n<\/div>\n<\/div>\n","protected":false},"excerpt":{"rendered":"<p>A transfer\u00eancia de recursos federais para o Governo da Para\u00edba no exerc\u00edcio de 2017 teve uma redu\u00e7\u00e3o de R$ 820.230.477,13 milh\u00f5es, \u00e9 o que aponta&hellip; <\/p>\n","protected":false},"author":2,"featured_media":25926,"comment_status":"closed","ping_status":"closed","sticky":false,"template":"","format":"standard","meta":{"sfsi_plus_gutenberg_text_before_share":"","sfsi_plus_gutenberg_show_text_before_share":"","sfsi_plus_gutenberg_icon_type":"","sfsi_plus_gutenberg_icon_alignemt":"","sfsi_plus_gutenburg_max_per_row":"","footnotes":""},"categories":[2],"tags":[],"class_list":["post-37095","post","type-post","status-publish","format-standard","has-post-thumbnail","hentry","category-geral"],"_links":{"self":[{"href":"https:\/\/www.caririemacao.com\/1\/wp-json\/wp\/v2\/posts\/37095","targetHints":{"allow":["GET"]}}],"collection":[{"href":"https:\/\/www.caririemacao.com\/1\/wp-json\/wp\/v2\/posts"}],"about":[{"href":"https:\/\/www.caririemacao.com\/1\/wp-json\/wp\/v2\/types\/post"}],"author":[{"embeddable":true,"href":"https:\/\/www.caririemacao.com\/1\/wp-json\/wp\/v2\/users\/2"}],"replies":[{"embeddable":true,"href":"https:\/\/www.caririemacao.com\/1\/wp-json\/wp\/v2\/comments?post=37095"}],"version-history":[{"count":0,"href":"https:\/\/www.caririemacao.com\/1\/wp-json\/wp\/v2\/posts\/37095\/revisions"}],"wp:featuredmedia":[{"embeddable":true,"href":"https:\/\/www.caririemacao.com\/1\/wp-json\/wp\/v2\/media\/25926"}],"wp:attachment":[{"href":"https:\/\/www.caririemacao.com\/1\/wp-json\/wp\/v2\/media?parent=37095"}],"wp:term":[{"taxonomy":"category","embeddable":true,"href":"https:\/\/www.caririemacao.com\/1\/wp-json\/wp\/v2\/categories?post=37095"},{"taxonomy":"post_tag","embeddable":true,"href":"https:\/\/www.caririemacao.com\/1\/wp-json\/wp\/v2\/tags?post=37095"}],"curies":[{"name":"wp","href":"https:\/\/api.w.org\/{rel}","templated":true}]}}