{"id":37097,"date":"2018-01-12T08:24:38","date_gmt":"2018-01-12T11:24:38","guid":{"rendered":"http:\/\/caririemacao.com\/1\/?p=37097"},"modified":"2018-01-12T08:24:38","modified_gmt":"2018-01-12T11:24:38","slug":"mpf-condena-desvio-da-agua-do-rio-paraiba-para-pernambuco","status":"publish","type":"post","link":"https:\/\/www.caririemacao.com\/1\/2018\/01\/12\/mpf-condena-desvio-da-agua-do-rio-paraiba-para-pernambuco\/","title":{"rendered":"MPF condena \u2018desvio\u2019 da \u00e1gua do Rio Para\u00edba para Pernambuco"},"content":{"rendered":"<p>O\u00a0Minist\u00e9rio P\u00fablico Federal (MPF) considerou arbitr\u00e1ria e v\u00ea com preocupa\u00e7\u00e3o a decis\u00e3o do Governo do Estado em firmar Termo de Coopera\u00e7\u00e3o com o estado de Pernambuco para uso da \u00e1gua do rio Para\u00edba. O acordo permitir\u00e1 que Pernambuco capte \u00e1gua do rio e leve para o munic\u00edpio de Santa Cruz do Capibaribe. Uma reuni\u00e3o est\u00e1 agendada para a pr\u00f3xima quinta-feira e, entre outros temas, discutir\u00e1 o acordo entre os estados.<\/p>\n<p>Ao liberar as \u00e1guas para o estado de Pernambuco, o Governo n\u00e3o comunicou \u00e0 Secretaria Nacional de Recursos H\u00eddricos, Minist\u00e9rio da Integra\u00e7\u00e3o ou Departamento Nacional de Obras Contra Seca (Dnocs.<\/p>\n<p>Conforme a procuradora da Rep\u00fablica em Monteiro, Jana\u00edna Andrade, o Minist\u00e9rio da Integra\u00e7\u00e3o n\u00e3o recebeu sequer um estudo t\u00e9cnico e precisa ser comunicado sobre todos os projetos de interven\u00e7\u00e3o, j\u00e1 que a obra ainda n\u00e3o foi entregue ao Governo do Estado, embora o ente seja o gestor das \u00e1guas.<\/p>\n<p>\u201cEntendemos como um ato imprudente, at\u00e9 porque a seguran\u00e7a h\u00eddrica n\u00e3o est\u00e1 garantida. A Transposi\u00e7\u00e3o n\u00e3o veio s\u00f3 para resolver o problema da falta d\u2019\u00e1gua em Campina Grande, mas garantir seguran\u00e7a h\u00eddrica a toda Para\u00edba. O que vemos at\u00e9 o momento \u00e9 que a obra trouxe o m\u00ednimo de conforto h\u00eddrico a Campina e adjac\u00eancias. N\u00f3s inclusive questionamos a qualidade da \u00e1gua oferecida \u00e0 popula\u00e7\u00e3o\u201d, revelou a procuradora.<\/p>\n<p>Ela lembrou que o MPF em Campina Grande foi veementemente contra o fim do racionamento na regi\u00e3o abastecida pelo a\u00e7ude de Boqueir\u00e3o e que ainda n\u00e3o h\u00e1 licen\u00e7a de opera\u00e7\u00e3o do Ibama, j\u00e1 que o Eixo Leste da Transposi\u00e7\u00e3o est\u00e1 em fase de pr\u00e9-opera\u00e7\u00e3o. Em dezembro, o MPF expediu recomenda\u00e7\u00e3o para que o Ibama n\u00e3o concedesse a licen\u00e7a de opera\u00e7\u00e3o sem que fosse comprovada a aptid\u00e3o do sistema, al\u00e9m dos impactos ambientais e sociais.<\/p>\n<p>\u201cN\u00e3o que Pernambuco n\u00e3o tenha direito a essa \u00e1gua, mas n\u00e3o \u00e9 poss\u00edvel fazer uma capta\u00e7\u00e3o sem autoriza\u00e7\u00e3o do empreendedor. Vamos fazer uma reuni\u00e3o na quinta-feira para tentar entender esse ato e mostrar que a \u00e1gua n\u00e3o \u00e9 um bem do gestor, que diz que colocar\u00e1 onde quer e na hora que quer\u201d, pontuou.<\/p>\n<p>Ela ainda ressaltou que a decis\u00e3o do Governo da Para\u00edba refor\u00e7a a tese do MPF em Monteiro de que a crise h\u00eddrica n\u00e3o \u00e9 um fator natural, mas resultado de atos pol\u00edticos, m\u00e1 gest\u00e3o e falta de transpar\u00eancia nas decis\u00f5es pol\u00edticas para manejo dos recursos naturais.<\/p>\n<p><strong>CARIRI EM A\u00c7\u00c3O<\/strong><\/p>\n<p><em>Com Mais PB\/Foto: Reprodu\u00e7\u00e3o Internet<\/em><\/p>\n<p><strong>Leia mais not\u00edcias em\u00a0<\/strong><a href=\"http:\/\/www.caririemacao.com\/\"><strong>caririemacao.com<\/strong><\/a><strong>, siga nossa p\u00e1gina no\u00a0<\/strong><a href=\"https:\/\/www.facebook.com\/CaririEmAcao\/?ref=aymt_homepage_panel\"><strong>Facebook<\/strong><\/a>,<strong>\u00a0<\/strong><a href=\"https:\/\/www.instagram.com\/cariri_em_acao\/?hl=pt-br\"><strong>Instagram<\/strong><\/a><strong>\u00a0e <\/strong><a href=\"https:\/\/www.youtube.com\/channel\/UCAptA0jQuYQy8vMhLt2m4qg\"><strong>Youtube<\/strong><\/a><strong>\u00a0e veja nossas mat\u00e9rias, v\u00eddeos e fotos. Voc\u00ea tamb\u00e9m pode enviar informa\u00e7\u00f5es \u00e0 Reda\u00e7\u00e3o do Portal Cariri em A\u00e7\u00e3o pelo WhatsApp (83) 9 9634.5791, (83) 9 9601-1162.<\/strong><\/p>\n","protected":false},"excerpt":{"rendered":"<p>O\u00a0Minist\u00e9rio P\u00fablico Federal (MPF) considerou arbitr\u00e1ria e v\u00ea com preocupa\u00e7\u00e3o a decis\u00e3o do Governo do Estado em firmar Termo de Coopera\u00e7\u00e3o com o estado de&hellip; <\/p>\n","protected":false},"author":2,"featured_media":37098,"comment_status":"closed","ping_status":"closed","sticky":false,"template":"","format":"standard","meta":{"sfsi_plus_gutenberg_text_before_share":"","sfsi_plus_gutenberg_show_text_before_share":"","sfsi_plus_gutenberg_icon_type":"","sfsi_plus_gutenberg_icon_alignemt":"","sfsi_plus_gutenburg_max_per_row":"","footnotes":""},"categories":[2],"tags":[],"class_list":["post-37097","post","type-post","status-publish","format-standard","has-post-thumbnail","hentry","category-geral"],"_links":{"self":[{"href":"https:\/\/www.caririemacao.com\/1\/wp-json\/wp\/v2\/posts\/37097","targetHints":{"allow":["GET"]}}],"collection":[{"href":"https:\/\/www.caririemacao.com\/1\/wp-json\/wp\/v2\/posts"}],"about":[{"href":"https:\/\/www.caririemacao.com\/1\/wp-json\/wp\/v2\/types\/post"}],"author":[{"embeddable":true,"href":"https:\/\/www.caririemacao.com\/1\/wp-json\/wp\/v2\/users\/2"}],"replies":[{"embeddable":true,"href":"https:\/\/www.caririemacao.com\/1\/wp-json\/wp\/v2\/comments?post=37097"}],"version-history":[{"count":0,"href":"https:\/\/www.caririemacao.com\/1\/wp-json\/wp\/v2\/posts\/37097\/revisions"}],"wp:featuredmedia":[{"embeddable":true,"href":"https:\/\/www.caririemacao.com\/1\/wp-json\/wp\/v2\/media\/37098"}],"wp:attachment":[{"href":"https:\/\/www.caririemacao.com\/1\/wp-json\/wp\/v2\/media?parent=37097"}],"wp:term":[{"taxonomy":"category","embeddable":true,"href":"https:\/\/www.caririemacao.com\/1\/wp-json\/wp\/v2\/categories?post=37097"},{"taxonomy":"post_tag","embeddable":true,"href":"https:\/\/www.caririemacao.com\/1\/wp-json\/wp\/v2\/tags?post=37097"}],"curies":[{"name":"wp","href":"https:\/\/api.w.org\/{rel}","templated":true}]}}