{"id":37100,"date":"2018-01-12T09:55:52","date_gmt":"2018-01-12T12:55:52","guid":{"rendered":"http:\/\/caririemacao.com\/1\/?p=37100"},"modified":"2018-01-12T09:55:52","modified_gmt":"2018-01-12T12:55:52","slug":"prefeito-eden-duarte-faz-segunda-convocacao-dos-aprovados-no-concurso-publico-de-2017","status":"publish","type":"post","link":"https:\/\/www.caririemacao.com\/1\/2018\/01\/12\/prefeito-eden-duarte-faz-segunda-convocacao-dos-aprovados-no-concurso-publico-de-2017\/","title":{"rendered":"Prefeito \u00c9den Duarte faz segunda convoca\u00e7\u00e3o dos aprovados no concurso P\u00fablico de 2017"},"content":{"rendered":"<p>O prefeito \u00c9den Duarte convocou nesta quarta-feira (10\/01) mais 10 aprovados no concurso P\u00fablico da Prefeitura de Sum\u00e9, realizado em outubro de 2016.<\/p>\n<p>Os candidatos tem o prazo de at\u00e9 30 dias, a contar da publica\u00e7\u00e3o da convoca\u00e7\u00e3o, para se apresentarem na Secretaria de Administra\u00e7\u00e3o da Prefeitura com a devida documenta\u00e7\u00e3o exigida.<\/p>\n<p>O Edital de Convoca\u00e7\u00e3o encontra-se publicado no boletim oficial do munic\u00edpio do dia 10 de janeiro de 2018.<\/p>\n<p>Confira a rela\u00e7\u00e3o dos convocados:<\/p>\n<p><strong>Cuidador Educacional:<\/strong><\/p>\n<p>&#8211; SUENNIA KESSIA DE LUNA BORGES<\/p>\n<p>&#8211; TALITA PEREIRA VARELA<\/p>\n<p>&#8211; TAMILES OLIVEIRA DA SILVA<\/p>\n<p>&#8211; LIRIAN FERREIRA CAMPOS<\/p>\n<p>&#8211; LUCICLAUDIO SILVA SOARES<\/p>\n<p><strong>Orientador Social: <\/strong><\/p>\n<p>&#8211; LEONARDO BATISTA TEIXEIRA SAD 206.1<\/p>\n<p><strong>Psic\u00f3logo: <\/strong><\/p>\n<p>&#8211; CARLA GONZAGA RAMOS<\/p>\n<p><strong>Enfermeiro:<\/strong><\/p>\n<p>&#8211; ISABEL CRISTINA BARBOSA DO NASCIMENTO<\/p>\n<p><strong>Assistente Social <\/strong><\/p>\n<p>&#8211; LILIANE SANTOS TOBIAS<\/p>\n<p>&#8211;\u00a0 ROBEVANIA VILAR DA SILVA<\/p>\n<p><strong>CARIRI EM A\u00c7\u00c3O<\/strong><\/p>\n<p><em>Com Ascom\/Foto: Reprodu\u00e7\u00e3o Internet<\/em><\/p>\n<p><strong>Leia mais not\u00edcias em\u00a0<\/strong><a href=\"http:\/\/www.caririemacao.com\/\"><strong>caririemacao.com<\/strong><\/a><strong>, siga nossa p\u00e1gina no\u00a0<\/strong><a href=\"https:\/\/www.facebook.com\/CaririEmAcao\/?ref=aymt_homepage_panel\"><strong>Facebook<\/strong><\/a>,<strong>\u00a0<\/strong><a href=\"https:\/\/www.instagram.com\/cariri_em_acao\/?hl=pt-br\"><strong>Instagram<\/strong><\/a><strong>\u00a0e <\/strong><a href=\"https:\/\/www.youtube.com\/channel\/UCAptA0jQuYQy8vMhLt2m4qg\"><strong>Youtube<\/strong><\/a><strong>\u00a0e veja nossas mat\u00e9rias, v\u00eddeos e fotos. Voc\u00ea tamb\u00e9m pode enviar informa\u00e7\u00f5es \u00e0 Reda\u00e7\u00e3o do Portal Cariri em A\u00e7\u00e3o pelo WhatsApp (83) 9 9634.5791, (83) 9 9601-1162.<\/strong><\/p>\n","protected":false},"excerpt":{"rendered":"<p>O prefeito \u00c9den Duarte convocou nesta quarta-feira (10\/01) mais 10 aprovados no concurso P\u00fablico da Prefeitura de Sum\u00e9, realizado em outubro de 2016. Os candidatos&hellip; <\/p>\n","protected":false},"author":2,"featured_media":37102,"comment_status":"closed","ping_status":"closed","sticky":false,"template":"","format":"standard","meta":{"sfsi_plus_gutenberg_text_before_share":"","sfsi_plus_gutenberg_show_text_before_share":"","sfsi_plus_gutenberg_icon_type":"","sfsi_plus_gutenberg_icon_alignemt":"","sfsi_plus_gutenburg_max_per_row":"","footnotes":""},"categories":[6],"tags":[],"class_list":["post-37100","post","type-post","status-publish","format-standard","has-post-thumbnail","hentry","category-cidades"],"_links":{"self":[{"href":"https:\/\/www.caririemacao.com\/1\/wp-json\/wp\/v2\/posts\/37100","targetHints":{"allow":["GET"]}}],"collection":[{"href":"https:\/\/www.caririemacao.com\/1\/wp-json\/wp\/v2\/posts"}],"about":[{"href":"https:\/\/www.caririemacao.com\/1\/wp-json\/wp\/v2\/types\/post"}],"author":[{"embeddable":true,"href":"https:\/\/www.caririemacao.com\/1\/wp-json\/wp\/v2\/users\/2"}],"replies":[{"embeddable":true,"href":"https:\/\/www.caririemacao.com\/1\/wp-json\/wp\/v2\/comments?post=37100"}],"version-history":[{"count":0,"href":"https:\/\/www.caririemacao.com\/1\/wp-json\/wp\/v2\/posts\/37100\/revisions"}],"wp:featuredmedia":[{"embeddable":true,"href":"https:\/\/www.caririemacao.com\/1\/wp-json\/wp\/v2\/media\/37102"}],"wp:attachment":[{"href":"https:\/\/www.caririemacao.com\/1\/wp-json\/wp\/v2\/media?parent=37100"}],"wp:term":[{"taxonomy":"category","embeddable":true,"href":"https:\/\/www.caririemacao.com\/1\/wp-json\/wp\/v2\/categories?post=37100"},{"taxonomy":"post_tag","embeddable":true,"href":"https:\/\/www.caririemacao.com\/1\/wp-json\/wp\/v2\/tags?post=37100"}],"curies":[{"name":"wp","href":"https:\/\/api.w.org\/{rel}","templated":true}]}}