{"id":37122,"date":"2018-01-12T10:36:41","date_gmt":"2018-01-12T13:36:41","guid":{"rendered":"http:\/\/caririemacao.com\/1\/?p=37122"},"modified":"2018-01-12T10:36:41","modified_gmt":"2018-01-12T13:36:41","slug":"bandidos-atiram-em-van-com-criancas-em-campina-grande","status":"publish","type":"post","link":"https:\/\/www.caririemacao.com\/1\/2018\/01\/12\/bandidos-atiram-em-van-com-criancas-em-campina-grande\/","title":{"rendered":"Bandidos atiram em van com crian\u00e7as em Campina Grande"},"content":{"rendered":"<p>Uma van que transportava um grupo de pessoas, entre elas sete crian\u00e7as, de Jo\u00e3o Pessoa a Tavares, no Sert\u00e3o da Para\u00edba, foi interceptada por bandidos na madrugada desta sexta-feira (12) na BR-230, quando passavam por Campina Grande. As v\u00edtimas eram pacientes e estavam se tratando em hospitais da capital paraibana. De acordo com a reportagem da TV Correio, os suspeitos atiraram no pneu da van para que ela parasse. Eles tamb\u00e9m atiraram nas janelas, mas como os vidros eram blindados, as balas n\u00e3o conseguiram atravessar para o interior do carro.<\/p>\n<p>Ap\u00f3s o ve\u00edculo parar, os homens abordaram o motorista e deram uma coronhada na cabe\u00e7a dele. Os suspeitos levaram todos os pertences das v\u00edtimas, incluindo celulares e alian\u00e7as e, de acordo com os pacientes, foram violentos a todo instante, dizendo que iria matar todos.<\/p>\n<p>Segundo uma das v\u00edtimas, os homens ficaram pedindo dinheiro e as compras, confundindo os pacientes com comerciantes, que costumam ir a Pernambuco. O motorista da van, Jos\u00e9 Alves Feitosa, afirmou \u00e0 TV Correio que achou que os suspeitos estivessem b\u00eabados e, por conta disto, estivessem cortando luz e tentando ultrapassar.<\/p>\n<p>Uma mulher, de 54 anos, estava com seu neto, de apenas sete anos, que tem um problema na perna e estava em Jo\u00e3o Pessoa para o tratamento. Em entrevista \u00e0 TV Correio, ela afirmou que a todo momento s\u00f3 pensava na crian\u00e7a e que, passado o susto, estava considerando n\u00e3o fazer mais o tratamento, por medo de um novo assalto.<\/p>\n<p>Uma comerciante que estava em outro ve\u00edculo viu a movimenta\u00e7\u00e3o e reduziu a velocidade. Os suspeitos notaram a sua presen\u00e7a e tamb\u00e9m roubaram o seu carro. At\u00e9 o fechamento desta mat\u00e9ria, ningu\u00e9m havia sido preso.<\/p>\n<p><strong>CARIRI EM A\u00c7\u00c3O<\/strong><\/p>\n<p><em>Com Portal Correio \/Foto: Reprodu\u00e7\u00e3o Internet<\/em><\/p>\n<p><strong>Leia mais not\u00edcias em\u00a0<\/strong><a href=\"http:\/\/www.caririemacao.com\/\"><strong>caririemacao.com<\/strong><\/a><strong>, siga nossa p\u00e1gina no\u00a0<\/strong><a href=\"https:\/\/www.facebook.com\/CaririEmAcao\/?ref=aymt_homepage_panel\"><strong>Facebook<\/strong><\/a>,<strong>\u00a0<\/strong><a href=\"https:\/\/www.instagram.com\/cariri_em_acao\/?hl=pt-br\"><strong>Instagram<\/strong><\/a><strong>\u00a0e <\/strong><a href=\"https:\/\/www.youtube.com\/channel\/UCAptA0jQuYQy8vMhLt2m4qg\"><strong>Youtube<\/strong><\/a><strong>\u00a0e veja nossas mat\u00e9rias, v\u00eddeos e fotos. Voc\u00ea tamb\u00e9m pode enviar informa\u00e7\u00f5es \u00e0 Reda\u00e7\u00e3o do Portal Cariri em A\u00e7\u00e3o pelo WhatsApp (83) 9 9634.5791, (83) 9 9601-1162.<\/strong><\/p>\n","protected":false},"excerpt":{"rendered":"<p>Uma van que transportava um grupo de pessoas, entre elas sete crian\u00e7as, de Jo\u00e3o Pessoa a Tavares, no Sert\u00e3o da Para\u00edba, foi interceptada por bandidos&hellip; <\/p>\n","protected":false},"author":2,"featured_media":36838,"comment_status":"closed","ping_status":"closed","sticky":false,"template":"","format":"standard","meta":{"sfsi_plus_gutenberg_text_before_share":"","sfsi_plus_gutenberg_show_text_before_share":"","sfsi_plus_gutenberg_icon_type":"","sfsi_plus_gutenberg_icon_alignemt":"","sfsi_plus_gutenburg_max_per_row":"","footnotes":""},"categories":[12],"tags":[],"class_list":["post-37122","post","type-post","status-publish","format-standard","has-post-thumbnail","hentry","category-policia"],"_links":{"self":[{"href":"https:\/\/www.caririemacao.com\/1\/wp-json\/wp\/v2\/posts\/37122","targetHints":{"allow":["GET"]}}],"collection":[{"href":"https:\/\/www.caririemacao.com\/1\/wp-json\/wp\/v2\/posts"}],"about":[{"href":"https:\/\/www.caririemacao.com\/1\/wp-json\/wp\/v2\/types\/post"}],"author":[{"embeddable":true,"href":"https:\/\/www.caririemacao.com\/1\/wp-json\/wp\/v2\/users\/2"}],"replies":[{"embeddable":true,"href":"https:\/\/www.caririemacao.com\/1\/wp-json\/wp\/v2\/comments?post=37122"}],"version-history":[{"count":0,"href":"https:\/\/www.caririemacao.com\/1\/wp-json\/wp\/v2\/posts\/37122\/revisions"}],"wp:featuredmedia":[{"embeddable":true,"href":"https:\/\/www.caririemacao.com\/1\/wp-json\/wp\/v2\/media\/36838"}],"wp:attachment":[{"href":"https:\/\/www.caririemacao.com\/1\/wp-json\/wp\/v2\/media?parent=37122"}],"wp:term":[{"taxonomy":"category","embeddable":true,"href":"https:\/\/www.caririemacao.com\/1\/wp-json\/wp\/v2\/categories?post=37122"},{"taxonomy":"post_tag","embeddable":true,"href":"https:\/\/www.caririemacao.com\/1\/wp-json\/wp\/v2\/tags?post=37122"}],"curies":[{"name":"wp","href":"https:\/\/api.w.org\/{rel}","templated":true}]}}