{"id":37123,"date":"2018-01-12T10:31:26","date_gmt":"2018-01-12T13:31:26","guid":{"rendered":"http:\/\/caririemacao.com\/1\/?p=37123"},"modified":"2018-01-12T10:31:26","modified_gmt":"2018-01-12T13:31:26","slug":"bolsonaro-emprega-servidora-fantasma-vendedora-de-acai-em-angra-deputado-nega-irregularidades","status":"publish","type":"post","link":"https:\/\/www.caririemacao.com\/1\/2018\/01\/12\/bolsonaro-emprega-servidora-fantasma-vendedora-de-acai-em-angra-deputado-nega-irregularidades\/","title":{"rendered":"Bolsonaro emprega servidora fantasma, vendedora de a\u00e7a\u00ed em Angra; deputado nega irregularidades"},"content":{"rendered":"<p>O deputado federal e pr\u00e9-candidato \u00e0 Presid\u00eancia Jair Bolsonaro (PSC-RJ)\u00a0usa parte de sua verba da C\u00e2mara para empregar uma servidora, que na realidade trabalha em um com\u00e9rcio de a\u00e7a\u00ed na mesma rua onde fica a casa de veraneio do deputado, na pequena Vila Hist\u00f3rica de Mambucaba,\u00a0a 50 km do centro de Angra Dos Reis (RJ)\u00a0\u2013 conforme divulgado pelo jornal\u00a0<em>Folha de S. Paulo<\/em>.<\/p>\n<p>Walderice Santos da Concei\u00e7\u00e3o, que tem 49, figura desde 2003 como uma dos 14 funcion\u00e1rios do gabinete parlamentar de Bolsonaro, em Bras\u00edlia. O sal\u00e1rio bruto da servidora \u00e9 de R$ 1.351,46. No entanto, entre 2011 e 2012 ela alcan\u00e7ou melhores cargos, tendo sido, inclusive, chefe de gabinete.<\/p>\n<p>Conforme apurou o jornal, moradores da regi\u00e3o conhecem a servidora como Wal e afirmam que ela tamb\u00e9m presta servi\u00e7os particulares na casa de Bolsonaro. Mas, na regi\u00e3o, sua principal atua\u00e7\u00e3o \u00e9 em um com\u00e9rcio chamado \u201cWal A\u00e7a\u00ed\u201d.\u00a0 Seu marido, Denilson, de acordo com os moradores, presta servi\u00e7os de caseiro para Bolsonaro.<\/p>\n<p>Questionado pela reportagem, que foi at\u00e9 o local, Bolsonaro nega os fatos. De acordo com ele, os dois n\u00e3o s\u00e3o caseiros e a Wal \u201craramente\u201d entra em sua casa. \u201cEla faz o que qualquer comissionado faz. Qualquer problema da regi\u00e3o ela entra em contato com o chefe de gabinete, tenho 15 funcion\u00e1rios no Estado do Rio de Janeiro\u201d, justificou.<\/p>\n<p>Entre as tarefas atribu\u00eddas \u00e0 servidora, Bolsonaro diz que ela \u00e9 respons\u00e1vel por informar \u201cuma car\u00eancia da prefeitura\u201d, ler jornais e entrar em contato com com ele para comunicar ocorr\u00eancias. J\u00e1 sobre o fato dela ter sido chefe de gabinete, ele diz que a a verba salarial de um servidor demitido \u00e9 realocada para um outro servidor, mas, de acordo com ele, \u201cpor pouqu\u00edssimo tempo\u201d. No entanto, no primeiro momento, ele tamb\u00e9m negou que ela tenha exercido tal cargo.<\/p>\n<p>\u201cChefe de gabinete? \u00c9 comissionado, l\u00e1 em Bras\u00edlia, como \u00e9 chefe de gabinete? O que acontece? De vez em quando o que acontece? H\u00e1 um funcion\u00e1rio demitido, ent\u00e3o aquela verba a gente destina por um funcion\u00e1rio por pouqu\u00edssimo tempo, \u00e9 isso o que acontece\u201d, diz.<\/p>\n<p>Nos \u00faltimos dias, reportagens do jornal revelaram o patrim\u00f4nio dele e dos filhos pol\u00edticos, bem como o recebimento de aux\u00edlio-moradia mesmo tendo apartamento pr\u00f3prio em Bras\u00edlia. No caso do aux\u00edlio-moradia, conforme mostrou o jornal, Bolsonaro (PSC-RJ) e um de seus filhos, o tamb\u00e9m deputado Eduardo Bolsonaro (PSC-SP), recebem dos cofres p\u00fablicos R$ 6.167 por m\u00eas. Ao todo, pai e filho embolsaram at\u00e9 dezembro passado R$ 730 mil, j\u00e1 descontado Imposto de Renda. Ontem, o parlamentar divulgou um v\u00eddeo em sua rede social contestando as informa\u00e7\u00f5es.<\/p>\n<p><strong>CARIRI EM A\u00c7\u00c3O<\/strong><\/p>\n<p><em>Com Congresso\u00a0Em foco\/Foto: Reprodu\u00e7\u00e3o Internet<\/em><\/p>\n<p><strong>Leia mais not\u00edcias em\u00a0<\/strong><a href=\"http:\/\/www.caririemacao.com\/\"><strong>caririemacao.com<\/strong><\/a><strong>, siga nossa p\u00e1gina no\u00a0<\/strong><a href=\"https:\/\/www.facebook.com\/CaririEmAcao\/?ref=aymt_homepage_panel\"><strong>Facebook<\/strong><\/a>,<strong>\u00a0<\/strong><a href=\"https:\/\/www.instagram.com\/cariri_em_acao\/?hl=pt-br\"><strong>Instagram<\/strong><\/a><strong>\u00a0e <\/strong><a href=\"https:\/\/www.youtube.com\/channel\/UCAptA0jQuYQy8vMhLt2m4qg\"><strong>Youtube<\/strong><\/a><strong>\u00a0e veja nossas mat\u00e9rias, v\u00eddeos e fotos. Voc\u00ea tamb\u00e9m pode enviar informa\u00e7\u00f5es \u00e0 Reda\u00e7\u00e3o do Portal Cariri em A\u00e7\u00e3o pelo WhatsApp (83) 9 9634.5791, (83) 9 9601-1162.<\/strong><\/p>\n","protected":false},"excerpt":{"rendered":"<p>O deputado federal e pr\u00e9-candidato \u00e0 Presid\u00eancia Jair Bolsonaro (PSC-RJ)\u00a0usa parte de sua verba da C\u00e2mara para empregar uma servidora, que na realidade trabalha em&hellip; <\/p>\n","protected":false},"author":2,"featured_media":13412,"comment_status":"closed","ping_status":"closed","sticky":false,"template":"","format":"standard","meta":{"sfsi_plus_gutenberg_text_before_share":"","sfsi_plus_gutenberg_show_text_before_share":"","sfsi_plus_gutenberg_icon_type":"","sfsi_plus_gutenberg_icon_alignemt":"","sfsi_plus_gutenburg_max_per_row":"","footnotes":""},"categories":[1],"tags":[],"class_list":["post-37123","post","type-post","status-publish","format-standard","has-post-thumbnail","hentry","category-o-site"],"_links":{"self":[{"href":"https:\/\/www.caririemacao.com\/1\/wp-json\/wp\/v2\/posts\/37123","targetHints":{"allow":["GET"]}}],"collection":[{"href":"https:\/\/www.caririemacao.com\/1\/wp-json\/wp\/v2\/posts"}],"about":[{"href":"https:\/\/www.caririemacao.com\/1\/wp-json\/wp\/v2\/types\/post"}],"author":[{"embeddable":true,"href":"https:\/\/www.caririemacao.com\/1\/wp-json\/wp\/v2\/users\/2"}],"replies":[{"embeddable":true,"href":"https:\/\/www.caririemacao.com\/1\/wp-json\/wp\/v2\/comments?post=37123"}],"version-history":[{"count":0,"href":"https:\/\/www.caririemacao.com\/1\/wp-json\/wp\/v2\/posts\/37123\/revisions"}],"wp:featuredmedia":[{"embeddable":true,"href":"https:\/\/www.caririemacao.com\/1\/wp-json\/wp\/v2\/media\/13412"}],"wp:attachment":[{"href":"https:\/\/www.caririemacao.com\/1\/wp-json\/wp\/v2\/media?parent=37123"}],"wp:term":[{"taxonomy":"category","embeddable":true,"href":"https:\/\/www.caririemacao.com\/1\/wp-json\/wp\/v2\/categories?post=37123"},{"taxonomy":"post_tag","embeddable":true,"href":"https:\/\/www.caririemacao.com\/1\/wp-json\/wp\/v2\/tags?post=37123"}],"curies":[{"name":"wp","href":"https:\/\/api.w.org\/{rel}","templated":true}]}}