{"id":37125,"date":"2018-01-12T10:33:51","date_gmt":"2018-01-12T13:33:51","guid":{"rendered":"http:\/\/caririemacao.com\/1\/?p=37125"},"modified":"2018-01-12T10:33:51","modified_gmt":"2018-01-12T13:33:51","slug":"prefeito-de-sume-comemora-conquista-de-recursos-para-reforma-do-estadio-o-jacintao","status":"publish","type":"post","link":"https:\/\/www.caririemacao.com\/1\/2018\/01\/12\/prefeito-de-sume-comemora-conquista-de-recursos-para-reforma-do-estadio-o-jacintao\/","title":{"rendered":"Prefeito de Sum\u00e9 comemora conquista de recursos para reforma do est\u00e1dio &#8216;O Jacint\u00e3o&#8217;"},"content":{"rendered":"<p>O munic\u00edpio de Sum\u00e9 foi beneficiado com um recurso no valor de R$ 250 mil para a \u00e1rea do esporte. O valor ser\u00e1 destinado para a reforma e a ilumina\u00e7\u00e3o do est\u00e1dio Jos\u00e9 Jacinto, um dos principais espa\u00e7os esportivos do munic\u00edpio.<\/p>\n<div><\/div>\n<div>O recurso \u00e9 fruto de uma emenda parlamentar de autoria do deputado federal paraibano, Wellington Roberto (PR), que mais uma vez atendeu pedido do prefeito \u00c9den Duarte (PSB).<\/div>\n<div><\/div>\n<div>O prefeito sumeense comemorou a assinatura do contrato para o recebimento do recurso. \u00c9den Duarte afirmou que continuar\u00e1 focado na gest\u00e3o de Sum\u00e9 e cumprir\u00e1 o compromisso feito na campanha de fazer uma administra\u00e7\u00e3o s\u00e9ria e comprometida com o trabalho.<\/div>\n<div><\/div>\n<div>\u201cAcabo de assinar o contrato com o Minist\u00e9rio do Esporte no valor de 250 mil reais para ilumina\u00e7\u00e3o e reforma do est\u00e1dio Jos\u00e9 Jacinto. Mais uma emenda do Deputado Federal Wellington Roberto, nosso grande parceiro\u201d, escreveu o gestor nas redes sociais.<\/div>\n<div>\n<p><strong>CARIRI EM A\u00c7\u00c3O<\/strong><\/p>\n<p><em>Com Ascom\/Foto: Reprodu\u00e7\u00e3o Internet<\/em><\/p>\n<p><strong>Leia mais not\u00edcias em\u00a0<\/strong><a href=\"http:\/\/www.caririemacao.com\/\"><strong>caririemacao.com<\/strong><\/a><strong>, siga nossa p\u00e1gina no\u00a0<\/strong><a href=\"https:\/\/www.facebook.com\/CaririEmAcao\/?ref=aymt_homepage_panel\"><strong>Facebook<\/strong><\/a>,<strong>\u00a0<\/strong><a href=\"https:\/\/www.instagram.com\/cariri_em_acao\/?hl=pt-br\"><strong>Instagram<\/strong><\/a><strong>\u00a0e <\/strong><a href=\"https:\/\/www.youtube.com\/channel\/UCAptA0jQuYQy8vMhLt2m4qg\"><strong>Youtube<\/strong><\/a><strong>\u00a0e veja nossas mat\u00e9rias, v\u00eddeos e fotos. Voc\u00ea tamb\u00e9m pode enviar informa\u00e7\u00f5es \u00e0 Reda\u00e7\u00e3o do Portal Cariri em A\u00e7\u00e3o pelo WhatsApp (83) 9 9634.5791, (83) 9 9601-1162.<\/strong><\/p>\n<\/div>\n","protected":false},"excerpt":{"rendered":"<p>O munic\u00edpio de Sum\u00e9 foi beneficiado com um recurso no valor de R$ 250 mil para a \u00e1rea do esporte. O valor ser\u00e1 destinado para&hellip; <\/p>\n","protected":false},"author":2,"featured_media":34269,"comment_status":"closed","ping_status":"closed","sticky":false,"template":"","format":"standard","meta":{"sfsi_plus_gutenberg_text_before_share":"","sfsi_plus_gutenberg_show_text_before_share":"","sfsi_plus_gutenberg_icon_type":"","sfsi_plus_gutenberg_icon_alignemt":"","sfsi_plus_gutenburg_max_per_row":"","footnotes":""},"categories":[2],"tags":[],"class_list":["post-37125","post","type-post","status-publish","format-standard","has-post-thumbnail","hentry","category-geral"],"_links":{"self":[{"href":"https:\/\/www.caririemacao.com\/1\/wp-json\/wp\/v2\/posts\/37125","targetHints":{"allow":["GET"]}}],"collection":[{"href":"https:\/\/www.caririemacao.com\/1\/wp-json\/wp\/v2\/posts"}],"about":[{"href":"https:\/\/www.caririemacao.com\/1\/wp-json\/wp\/v2\/types\/post"}],"author":[{"embeddable":true,"href":"https:\/\/www.caririemacao.com\/1\/wp-json\/wp\/v2\/users\/2"}],"replies":[{"embeddable":true,"href":"https:\/\/www.caririemacao.com\/1\/wp-json\/wp\/v2\/comments?post=37125"}],"version-history":[{"count":0,"href":"https:\/\/www.caririemacao.com\/1\/wp-json\/wp\/v2\/posts\/37125\/revisions"}],"wp:featuredmedia":[{"embeddable":true,"href":"https:\/\/www.caririemacao.com\/1\/wp-json\/wp\/v2\/media\/34269"}],"wp:attachment":[{"href":"https:\/\/www.caririemacao.com\/1\/wp-json\/wp\/v2\/media?parent=37125"}],"wp:term":[{"taxonomy":"category","embeddable":true,"href":"https:\/\/www.caririemacao.com\/1\/wp-json\/wp\/v2\/categories?post=37125"},{"taxonomy":"post_tag","embeddable":true,"href":"https:\/\/www.caririemacao.com\/1\/wp-json\/wp\/v2\/tags?post=37125"}],"curies":[{"name":"wp","href":"https:\/\/api.w.org\/{rel}","templated":true}]}}