{"id":37132,"date":"2018-01-12T11:12:51","date_gmt":"2018-01-12T14:12:51","guid":{"rendered":"http:\/\/caririemacao.com\/1\/?p=37132"},"modified":"2018-01-12T11:14:34","modified_gmt":"2018-01-12T14:14:34","slug":"quivo-um-motim-entre-internos-do-centro-educacional-lar-do-garoto-em-lagoa-seca-no-agreste-paraibano-foi-registrado-pela-policia-militar-nesta-quinta-feira-12-a-confusao-comecou-no-fim-do-banh","status":"publish","type":"post","link":"https:\/\/www.caririemacao.com\/1\/2018\/01\/12\/quivo-um-motim-entre-internos-do-centro-educacional-lar-do-garoto-em-lagoa-seca-no-agreste-paraibano-foi-registrado-pela-policia-militar-nesta-quinta-feira-12-a-confusao-comecou-no-fim-do-banh\/","title":{"rendered":"Pol\u00edcia confirma motim entre internos do Lar do Garoto, em Lagoa Seca, PB"},"content":{"rendered":"<div class=\"mc-column content-media content-media--normal content-photo\" data-block-type=\"backstage-photo\" data-block-id=\"0\">\n<div class=\"content-media__container\">\n<div class=\"content-media__description-centered \">\n<p class=\"content-media__description\">Um motim entre internos do centro educacional Lar do Garoto, em Lagoa Seca, no Agreste paraibano, foi registrado pela Pol\u00edcia Militar nesta quinta-feira (12). A confus\u00e3o come\u00e7ou no fim do banho de sol, quando os internos deveriam voltar aos quartos. Dez internos foram identificados no motim, sendo que tr\u00eas deles s\u00e3o maiores de 18 anos e os outros sete s\u00e3o adolescentes.<\/p>\n<\/div>\n<\/div>\n<\/div>\n<div class=\"mc-column content-text active-extra-styles \" data-block-type=\"unstyled\" data-block-weight=\"19\" data-block-id=\"3\">\n<p class=\"content-text__container \" data-track-category=\"Link no Texto\" data-track-links=\"\">O\u00a0G1\u00a0tentou entrar em contato com a dire\u00e7\u00e3o do Lar do Garoto, mas as liga\u00e7\u00f5es n\u00e3o foram atendidas.<\/p>\n<\/div>\n<div class=\"mc-column content-text active-extra-styles \" data-block-type=\"unstyled\" data-block-weight=\"65\" data-block-id=\"4\">\n<p class=\"content-text__container \" data-track-category=\"Link no Texto\" data-track-links=\"\">De acordo com as informa\u00e7\u00f5es da Pol\u00edcia Militar, por volta das 15h (hor\u00e1rio local) os agentes do Lar do Garoto informaram que era o momento dos internos voltarem do banho de sol para os quartos, mas, tr\u00eas deles que j\u00e1 s\u00e3o maiores de 18 anos se recuraram e empurraram um dos agentes. Foi pedido refor\u00e7o no local e outros internos acabaram se envolvendo no motim.<\/p>\n<\/div>\n<div data-track-category=\"fim do conteudo\" data-track-action=\"ultimo chunk conteudo\" data-track-noninteraction=\"false\" data-track-scroll=\"entrada completa viewport\">\n<div class=\"mc-column content-text active-extra-styles \" data-block-type=\"unstyled\" data-block-weight=\"50\" data-block-id=\"5\">\n<p class=\"content-text__container \" data-track-category=\"Link no Texto\" data-track-links=\"\">Os tr\u00eas adultos foram levados para a Central de Pol\u00edcia Civil, no bairro Catol\u00e9, em Campina Grande e prestaram depoimento. A Pol\u00edcia Civil explicou que mesmo sendo maiores de 18 anos eles continuam no Lar do Garoto, porque est\u00e3o concluindo a medida que come\u00e7aram a cumprir ainda quando eram adolescentes.<\/p>\n<p><strong>CARIRI EM A\u00c7\u00c3O<\/strong><\/p>\n<p><em>Com G1 \/Foto: Reprodu\u00e7\u00e3o Internet<\/em><\/p>\n<p><strong>Leia mais not\u00edcias em\u00a0<\/strong><a href=\"http:\/\/www.caririemacao.com\/\"><strong>caririemacao.com<\/strong><\/a><strong>, siga nossa p\u00e1gina no\u00a0<\/strong><a href=\"https:\/\/www.facebook.com\/CaririEmAcao\/?ref=aymt_homepage_panel\"><strong>Facebook<\/strong><\/a>,<strong>\u00a0<\/strong><a href=\"https:\/\/www.instagram.com\/cariri_em_acao\/?hl=pt-br\"><strong>Instagram<\/strong><\/a><strong>\u00a0e <\/strong><a href=\"https:\/\/www.youtube.com\/channel\/UCAptA0jQuYQy8vMhLt2m4qg\"><strong>Youtube<\/strong><\/a><strong>\u00a0e veja nossas mat\u00e9rias, v\u00eddeos e fotos. Voc\u00ea tamb\u00e9m pode enviar informa\u00e7\u00f5es \u00e0 Reda\u00e7\u00e3o do Portal Cariri em A\u00e7\u00e3o pelo WhatsApp (83) 9 9634.5791, (83) 9 9601-1162.<\/strong><\/p>\n<\/div>\n<\/div>\n","protected":false},"excerpt":{"rendered":"<p>Um motim entre internos do centro educacional Lar do Garoto, em Lagoa Seca, no Agreste paraibano, foi registrado pela Pol\u00edcia Militar nesta quinta-feira (12). A&hellip; <\/p>\n","protected":false},"author":2,"featured_media":21145,"comment_status":"closed","ping_status":"closed","sticky":false,"template":"","format":"standard","meta":{"sfsi_plus_gutenberg_text_before_share":"","sfsi_plus_gutenberg_show_text_before_share":"","sfsi_plus_gutenberg_icon_type":"","sfsi_plus_gutenberg_icon_alignemt":"","sfsi_plus_gutenburg_max_per_row":"","footnotes":""},"categories":[12],"tags":[],"class_list":["post-37132","post","type-post","status-publish","format-standard","has-post-thumbnail","hentry","category-policia"],"_links":{"self":[{"href":"https:\/\/www.caririemacao.com\/1\/wp-json\/wp\/v2\/posts\/37132","targetHints":{"allow":["GET"]}}],"collection":[{"href":"https:\/\/www.caririemacao.com\/1\/wp-json\/wp\/v2\/posts"}],"about":[{"href":"https:\/\/www.caririemacao.com\/1\/wp-json\/wp\/v2\/types\/post"}],"author":[{"embeddable":true,"href":"https:\/\/www.caririemacao.com\/1\/wp-json\/wp\/v2\/users\/2"}],"replies":[{"embeddable":true,"href":"https:\/\/www.caririemacao.com\/1\/wp-json\/wp\/v2\/comments?post=37132"}],"version-history":[{"count":0,"href":"https:\/\/www.caririemacao.com\/1\/wp-json\/wp\/v2\/posts\/37132\/revisions"}],"wp:featuredmedia":[{"embeddable":true,"href":"https:\/\/www.caririemacao.com\/1\/wp-json\/wp\/v2\/media\/21145"}],"wp:attachment":[{"href":"https:\/\/www.caririemacao.com\/1\/wp-json\/wp\/v2\/media?parent=37132"}],"wp:term":[{"taxonomy":"category","embeddable":true,"href":"https:\/\/www.caririemacao.com\/1\/wp-json\/wp\/v2\/categories?post=37132"},{"taxonomy":"post_tag","embeddable":true,"href":"https:\/\/www.caririemacao.com\/1\/wp-json\/wp\/v2\/tags?post=37132"}],"curies":[{"name":"wp","href":"https:\/\/api.w.org\/{rel}","templated":true}]}}