{"id":37144,"date":"2018-01-12T11:31:45","date_gmt":"2018-01-12T14:31:45","guid":{"rendered":"http:\/\/caririemacao.com\/1\/?p=37144"},"modified":"2018-01-12T14:03:26","modified_gmt":"2018-01-12T17:03:26","slug":"vereadora-camalauense-falta-um-mes-inteiro-no-seu-cargo-efetivo-sem-dar-justificativa","status":"publish","type":"post","link":"https:\/\/www.caririemacao.com\/1\/2018\/01\/12\/vereadora-camalauense-falta-um-mes-inteiro-no-seu-cargo-efetivo-sem-dar-justificativa\/","title":{"rendered":"Vereadora camalauense falta um m\u00eas inteiro no seu cargo efetivo sem dar justificativa"},"content":{"rendered":"<p>Uma den\u00fancia lament\u00e1vel chegou \u00e0 nossa equipe de reportagem direto do munic\u00edpio de Camala\u00fa. De acordo com a den\u00fancia, a vereadora Audenice Chaves (Nicinha) que ocupa cargo de assistente social na secretaria de a\u00e7\u00e3o social, como funcion\u00e1ria efetiva n\u00e3o compareceu ao trabalho para dar o seu expediente durante todo o m\u00eas de Outubro de 2017.<\/p>\n<p>A informa\u00e7\u00e3o \u00e9 de conhecimento p\u00fablico para qualquer cidad\u00e3o, que busque a mesma no\u00a0portal eletr\u00f4nico da prefeitura.<\/p>\n<p>A vereadora ficou indignada ao tomar conhecimento de que a mesma teve seu sal\u00e1rio descontado em virtude das faltas. As informa\u00e7\u00f5es\u00a0s\u00e3o de que a funcion\u00e1ria efetiva n\u00e3o compareceu ao trabalho durante um m\u00eas inteiro sem dar uma justificativa sequer e por isso teve descontado o valor total de seus vencimentos.<\/p>\n<p>Abaixo voc\u00ea pode conferir as informa\u00e7\u00f5es do PORTAL DA TRANSPAR\u00caNCIA do site da Prefeitura Municipal que confirmam o desconto nos vencimentos da funcion\u00e1ria p\u00fablica e vereadora Nicinha.<a href=\"http:\/\/caririemacao.com\/1\/wp-content\/uploads\/2018\/01\/zz.png\"><img fetchpriority=\"high\" decoding=\"async\" class=\"alignnone wp-image-37134 size-full\" src=\"http:\/\/caririemacao.com\/1\/wp-content\/uploads\/2018\/01\/zz.png\" alt=\"\" width=\"1366\" height=\"768\" srcset=\"https:\/\/www.caririemacao.com\/1\/wp-content\/uploads\/2018\/01\/zz.png 1366w, https:\/\/www.caririemacao.com\/1\/wp-content\/uploads\/2018\/01\/zz-300x169.png 300w, https:\/\/www.caririemacao.com\/1\/wp-content\/uploads\/2018\/01\/zz-768x432.png 768w, https:\/\/www.caririemacao.com\/1\/wp-content\/uploads\/2018\/01\/zz-1024x576.png 1024w\" sizes=\"(max-width: 1366px) 100vw, 1366px\" \/><\/a><strong>CARIRI EM A\u00c7\u00c3O<\/strong><\/p>\n<p><em>Com Tribuna do Cariri\/Foto: Cariri em A\u00e7\u00e3o<\/em><\/p>\n<p><strong>Leia mais not\u00edcias em\u00a0<\/strong><a href=\"http:\/\/www.caririemacao.com\/\"><strong>caririemacao.com<\/strong><\/a><strong>, siga nossa p\u00e1gina no\u00a0<\/strong><a href=\"https:\/\/www.facebook.com\/CaririEmAcao\/?ref=aymt_homepage_panel\"><strong>Facebook<\/strong><\/a>,<strong>\u00a0<\/strong><a href=\"https:\/\/www.instagram.com\/cariri_em_acao\/?hl=pt-br\"><strong>Instagram<\/strong><\/a><strong>\u00a0e\u00a0<\/strong><a href=\"https:\/\/www.youtube.com\/channel\/UCAptA0jQuYQy8vMhLt2m4qg\"><strong>Youtube<\/strong><\/a><strong>\u00a0e veja nossas mat\u00e9rias, v\u00eddeos e fotos. Voc\u00ea tamb\u00e9m pode enviar informa\u00e7\u00f5es \u00e0 Reda\u00e7\u00e3o do Portal Cariri em A\u00e7\u00e3o pelo WhatsApp (83) 9 9634.5791, (83) 9 9601-1162.<\/strong><\/p>\n","protected":false},"excerpt":{"rendered":"<p>Uma den\u00fancia lament\u00e1vel chegou \u00e0 nossa equipe de reportagem direto do munic\u00edpio de Camala\u00fa. De acordo com a den\u00fancia, a vereadora Audenice Chaves (Nicinha) que&hellip; <\/p>\n","protected":false},"author":2,"featured_media":37137,"comment_status":"closed","ping_status":"closed","sticky":false,"template":"","format":"standard","meta":{"sfsi_plus_gutenberg_text_before_share":"","sfsi_plus_gutenberg_show_text_before_share":"","sfsi_plus_gutenberg_icon_type":"","sfsi_plus_gutenberg_icon_alignemt":"","sfsi_plus_gutenburg_max_per_row":"","footnotes":""},"categories":[11],"tags":[],"class_list":["post-37144","post","type-post","status-publish","format-standard","has-post-thumbnail","hentry","category-politica"],"_links":{"self":[{"href":"https:\/\/www.caririemacao.com\/1\/wp-json\/wp\/v2\/posts\/37144","targetHints":{"allow":["GET"]}}],"collection":[{"href":"https:\/\/www.caririemacao.com\/1\/wp-json\/wp\/v2\/posts"}],"about":[{"href":"https:\/\/www.caririemacao.com\/1\/wp-json\/wp\/v2\/types\/post"}],"author":[{"embeddable":true,"href":"https:\/\/www.caririemacao.com\/1\/wp-json\/wp\/v2\/users\/2"}],"replies":[{"embeddable":true,"href":"https:\/\/www.caririemacao.com\/1\/wp-json\/wp\/v2\/comments?post=37144"}],"version-history":[{"count":0,"href":"https:\/\/www.caririemacao.com\/1\/wp-json\/wp\/v2\/posts\/37144\/revisions"}],"wp:featuredmedia":[{"embeddable":true,"href":"https:\/\/www.caririemacao.com\/1\/wp-json\/wp\/v2\/media\/37137"}],"wp:attachment":[{"href":"https:\/\/www.caririemacao.com\/1\/wp-json\/wp\/v2\/media?parent=37144"}],"wp:term":[{"taxonomy":"category","embeddable":true,"href":"https:\/\/www.caririemacao.com\/1\/wp-json\/wp\/v2\/categories?post=37144"},{"taxonomy":"post_tag","embeddable":true,"href":"https:\/\/www.caririemacao.com\/1\/wp-json\/wp\/v2\/tags?post=37144"}],"curies":[{"name":"wp","href":"https:\/\/api.w.org\/{rel}","templated":true}]}}