{"id":37148,"date":"2018-01-12T20:34:21","date_gmt":"2018-01-12T23:34:21","guid":{"rendered":"http:\/\/caririemacao.com\/1\/?p=37148"},"modified":"2018-01-12T20:35:40","modified_gmt":"2018-01-12T23:35:40","slug":"temer-liga-para-apoiar-maranhao-e-mdb-tera-candidato-proprio-diz-amaranto","status":"publish","type":"post","link":"https:\/\/www.caririemacao.com\/1\/2018\/01\/12\/temer-liga-para-apoiar-maranhao-e-mdb-tera-candidato-proprio-diz-amaranto\/","title":{"rendered":"Temer liga para apoiar Maranh\u00e3o e MDB ter\u00e1 candidato pr\u00f3prio, diz Amaranto"},"content":{"rendered":"<p>O senador Jos\u00e9 Maranh\u00e3o recebeu liga\u00e7\u00e3o telef\u00f4nica do presidente Michel Temer hipotecando total apoio \u00e0 pr\u00e9-candidatura do lider do MDB ao Governo da Paraiba&#8221;, revelou.<\/p>\n<p>O Secret\u00e1rio do Diret\u00f3rio do MDB de Jo\u00e3o Pessoa, Dih\u00eago Amaranto, informando que o Diret\u00f3rio estadual mant\u00e9m a decis\u00e3o de candidatura pr\u00f3pria.<\/p>\n<p>Ele informou que o Diret\u00f3rio Nacional e o presidente do Senado, Eunicio Oliveira, acompanham a decis\u00e3o estadual que em reuni\u00e3o formal em 2017 fecharam quest\u00e3o por unanimidade pela candidatura propria do senador.<\/p>\n<p>Com um detalhe: tendo o apoio do vice-prefeito Manoel J\u00fanior, e esta decis\u00e3o ser\u00e1 respeitada &#8211; frisou.<\/p>\n<p><strong>CARIRI EM A\u00c7\u00c3O<\/strong><\/p>\n<p><em>Com Wcom\/Foto: Reprodu\u00e7\u00e3o Internet<\/em><\/p>\n<p><strong>Leia mais not\u00edcias em\u00a0<\/strong><a href=\"http:\/\/www.caririemacao.com\/\"><strong>caririemacao.com<\/strong><\/a><strong>, siga nossa p\u00e1gina no\u00a0<\/strong><a href=\"https:\/\/www.facebook.com\/CaririEmAcao\/?ref=aymt_homepage_panel\"><strong>Facebook<\/strong><\/a>,<strong>\u00a0<\/strong><a href=\"https:\/\/www.instagram.com\/cariri_em_acao\/?hl=pt-br\"><strong>Instagram<\/strong><\/a><strong>\u00a0e\u00a0<\/strong><a href=\"https:\/\/www.youtube.com\/channel\/UCAptA0jQuYQy8vMhLt2m4qg\"><strong>Youtube<\/strong><\/a><strong>\u00a0e veja nossas mat\u00e9rias, v\u00eddeos e fotos. Voc\u00ea tamb\u00e9m pode enviar informa\u00e7\u00f5es \u00e0 Reda\u00e7\u00e3o do Portal Cariri em A\u00e7\u00e3o pelo WhatsApp (83) 9 9634.5791, (83) 9 9601-1162.<\/strong><\/p>\n","protected":false},"excerpt":{"rendered":"<p>O senador Jos\u00e9 Maranh\u00e3o recebeu liga\u00e7\u00e3o telef\u00f4nica do presidente Michel Temer hipotecando total apoio \u00e0 pr\u00e9-candidatura do lider do MDB ao Governo da Paraiba&#8221;, revelou.&hellip; <\/p>\n","protected":false},"author":2,"featured_media":37149,"comment_status":"closed","ping_status":"closed","sticky":false,"template":"","format":"standard","meta":{"sfsi_plus_gutenberg_text_before_share":"","sfsi_plus_gutenberg_show_text_before_share":"","sfsi_plus_gutenberg_icon_type":"","sfsi_plus_gutenberg_icon_alignemt":"","sfsi_plus_gutenburg_max_per_row":"","footnotes":""},"categories":[11],"tags":[],"class_list":["post-37148","post","type-post","status-publish","format-standard","has-post-thumbnail","hentry","category-politica"],"_links":{"self":[{"href":"https:\/\/www.caririemacao.com\/1\/wp-json\/wp\/v2\/posts\/37148","targetHints":{"allow":["GET"]}}],"collection":[{"href":"https:\/\/www.caririemacao.com\/1\/wp-json\/wp\/v2\/posts"}],"about":[{"href":"https:\/\/www.caririemacao.com\/1\/wp-json\/wp\/v2\/types\/post"}],"author":[{"embeddable":true,"href":"https:\/\/www.caririemacao.com\/1\/wp-json\/wp\/v2\/users\/2"}],"replies":[{"embeddable":true,"href":"https:\/\/www.caririemacao.com\/1\/wp-json\/wp\/v2\/comments?post=37148"}],"version-history":[{"count":0,"href":"https:\/\/www.caririemacao.com\/1\/wp-json\/wp\/v2\/posts\/37148\/revisions"}],"wp:featuredmedia":[{"embeddable":true,"href":"https:\/\/www.caririemacao.com\/1\/wp-json\/wp\/v2\/media\/37149"}],"wp:attachment":[{"href":"https:\/\/www.caririemacao.com\/1\/wp-json\/wp\/v2\/media?parent=37148"}],"wp:term":[{"taxonomy":"category","embeddable":true,"href":"https:\/\/www.caririemacao.com\/1\/wp-json\/wp\/v2\/categories?post=37148"},{"taxonomy":"post_tag","embeddable":true,"href":"https:\/\/www.caririemacao.com\/1\/wp-json\/wp\/v2\/tags?post=37148"}],"curies":[{"name":"wp","href":"https:\/\/api.w.org\/{rel}","templated":true}]}}